{"id":53825,"date":"2026-04-27T18:15:09","date_gmt":"2026-04-27T18:15:09","guid":{"rendered":"https:\/\/radionuble.cl\/v1\/?p=53825"},"modified":"2026-04-27T18:15:09","modified_gmt":"2026-04-27T18:15:09","slug":"frio-en-chillan-activa-albergues-y-plan-para-personas-en-calle","status":"publish","type":"post","link":"https:\/\/radionuble.cl\/v1\/2026\/04\/27\/frio-en-chillan-activa-albergues-y-plan-para-personas-en-calle\/","title":{"rendered":"Fr\u00edo en Chill\u00e1n activa albergues y plan para personas en calle"},"content":{"rendered":"<p data-start=\"68\" data-end=\"283\">Las bajas temperaturas que comienzan esta semana en Chill\u00e1n activaron el refuerzo de dispositivos de protecci\u00f3n para personas en situaci\u00f3n de calle, en una estrategia liderada por el Ministerio de Desarrollo Social.<\/p>\n<p data-start=\"285\" data-end=\"453\">El pron\u00f3stico anticipa m\u00ednimas de hasta 5\u00b0C durante los pr\u00f3ximos d\u00edas, con jornadas marcadas por nubosidad, lluvias y chubascos, especialmente entre martes y mi\u00e9rcoles.<\/p>\n<p data-start=\"455\" data-end=\"624\">El impacto es directo para las personas en situaci\u00f3n de calle, quienes enfrentar\u00e1n condiciones m\u00e1s extremas durante la madrugada y noche, aumentando el riesgo sanitario.<\/p>\n<p data-start=\"626\" data-end=\"799\">En lo pr\u00e1ctico, el Gobierno anunci\u00f3 la habilitaci\u00f3n de un tercer albergue en \u00d1uble, sumando m\u00e1s cupos disponibles para resguardar a quienes lo necesiten durante el invierno.<\/p>\n<p data-start=\"801\" data-end=\"984\">El seremi de Desarrollo Social, <span class=\"hover:entity-accent entity-underline inline cursor-pointer align-baseline\"><span class=\"whitespace-normal\">Alan Ib\u00e1\u00f1ez<\/span><\/span>, explic\u00f3 que se reforzar\u00e1n los dispositivos existentes y se activar\u00e1 el C\u00f3digo Azul en episodios de fr\u00edo extremo.<\/p>\n<p data-start=\"986\" data-end=\"1145\">Adem\u00e1s, se implementar\u00e1 una ruta m\u00e9dica en coordinaci\u00f3n con el sistema de salud, junto con operativos de vacunaci\u00f3n dirigidos a personas en situaci\u00f3n de calle.<\/p>\n<p data-start=\"1147\" data-end=\"1307\">Actualmente, el trabajo se realiza durante todo el a\u00f1o en conjunto con el municipio de Chill\u00e1n, pero se intensifica en invierno debido a las bajas temperaturas.<\/p>\n<p data-start=\"1309\" data-end=\"1458\">El plan tambi\u00e9n contempla acompa\u00f1amiento psicosocial, buscando no solo enfrentar la emergencia clim\u00e1tica, sino avanzar en soluciones m\u00e1s permanentes.<\/p>\n<p data-start=\"1460\" data-end=\"1614\">Las autoridades recalcaron que estos dispositivos se ajustan seg\u00fan las condiciones clim\u00e1ticas, aumentando su cobertura cuando las temperaturas descienden.<\/p>\n<p data-start=\"1616\" data-end=\"1781\">Con el fr\u00edo en aumento, Chill\u00e1n refuerza su red de apoyo para personas en situaci\u00f3n de calle, activando albergues y medidas de emergencia para enfrentar el invierno.<\/p>\n","protected":false},"excerpt":{"rendered":"<p>Las bajas temperaturas que comienzan esta semana en Chill\u00e1n activaron el refuerzo de dispositivos de protecci\u00f3n para personas en situaci\u00f3n de calle, en una estrategia liderada por el Ministerio de Desarrollo Social. El pron\u00f3stico anticipa m\u00ednimas de hasta 5\u00b0C durante los pr\u00f3ximos d\u00edas, con jornadas marcadas por nubosidad, lluvias y chubascos, especialmente entre martes y &hellip;<\/p>\n","protected":false},"author":1,"featured_media":53826,"comment_status":"open","ping_status":"open","sticky":false,"template":"","format":"standard","meta":{"footnotes":""},"categories":[24],"tags":[],"class_list":["post-53825","post","type-post","status-publish","format-standard","has-post-thumbnail","hentry","category-chillan"],"_links":{"self":[{"href":"https:\/\/radionuble.cl\/v1\/wp-json\/wp\/v2\/posts\/53825","targetHints":{"allow":["GET"]}}],"collection":[{"href":"https:\/\/radionuble.cl\/v1\/wp-json\/wp\/v2\/posts"}],"about":[{"href":"https:\/\/radionuble.cl\/v1\/wp-json\/wp\/v2\/types\/post"}],"author":[{"embeddable":true,"href":"https:\/\/radionuble.cl\/v1\/wp-json\/wp\/v2\/users\/1"}],"replies":[{"embeddable":true,"href":"https:\/\/radionuble.cl\/v1\/wp-json\/wp\/v2\/comments?post=53825"}],"version-history":[{"count":1,"href":"https:\/\/radionuble.cl\/v1\/wp-json\/wp\/v2\/posts\/53825\/revisions"}],"predecessor-version":[{"id":53827,"href":"https:\/\/radionuble.cl\/v1\/wp-json\/wp\/v2\/posts\/53825\/revisions\/53827"}],"wp:featuredmedia":[{"embeddable":true,"href":"https:\/\/radionuble.cl\/v1\/wp-json\/wp\/v2\/media\/53826"}],"wp:attachment":[{"href":"https:\/\/radionuble.cl\/v1\/wp-json\/wp\/v2\/media?parent=53825"}],"wp:term":[{"taxonomy":"category","embeddable":true,"href":"https:\/\/radionuble.cl\/v1\/wp-json\/wp\/v2\/categories?post=53825"},{"taxonomy":"post_tag","embeddable":true,"href":"https:\/\/radionuble.cl\/v1\/wp-json\/wp\/v2\/tags?post=53825"}],"curies":[{"name":"wp","href":"https:\/\/api.w.org\/{rel}","templated":true}]}}