{"id":53828,"date":"2026-04-27T18:15:59","date_gmt":"2026-04-27T18:15:59","guid":{"rendered":"https:\/\/radionuble.cl\/v1\/?p=53828"},"modified":"2026-04-27T18:15:59","modified_gmt":"2026-04-27T18:15:59","slug":"hallan-en-quillon-cuerpo-de-hombre-desaparecido-hace-dos-meses","status":"publish","type":"post","link":"https:\/\/radionuble.cl\/v1\/2026\/04\/27\/hallan-en-quillon-cuerpo-de-hombre-desaparecido-hace-dos-meses\/","title":{"rendered":"Hallan en Quill\u00f3n cuerpo de hombre desaparecido hace dos meses"},"content":{"rendered":"<p data-start=\"68\" data-end=\"240\">El cuerpo de un hombre de 55 a\u00f1os, desaparecido desde febrero en Cabrero, fue encontrado este lunes en el sector rural de Liucura, en la comuna de Quill\u00f3n, regi\u00f3n de \u00d1uble.<\/p>\n<p data-start=\"242\" data-end=\"419\">Se trata de Hugo Arroyo, operador de maquinaria industrial, quien hab\u00eda sido visto por \u00faltima vez el 22 de febrero tras salir de su hogar luego de recibir un llamado telef\u00f3nico.<\/p>\n<p data-start=\"421\" data-end=\"587\">El hallazgo genera un fuerte impacto en la comunidad de Cabrero, donde su desaparici\u00f3n manten\u00eda a familiares y vecinos en constante b\u00fasqueda durante m\u00e1s de dos meses.<\/p>\n<p data-start=\"589\" data-end=\"761\">En lo pr\u00e1ctico, el cuerpo fue encontrado por personas del sector, quienes dieron aviso a Carabineros. El procedimiento qued\u00f3 a cargo de la Polic\u00eda de Investigaciones (PDI).<\/p>\n<p data-start=\"763\" data-end=\"937\">Durante este tiempo, la b\u00fasqueda incluy\u00f3 operativos con Carabineros, Bomberos y equipos policiales en distintos puntos de la provincia del Biob\u00edo, sin resultados hasta ahora.<\/p>\n<p data-start=\"939\" data-end=\"1111\">Desde la comunidad, autoridades locales lamentaron el desenlace. El concejal Mauricio Rodr\u00edguez se\u00f1al\u00f3 que fueron semanas marcadas por la esperanza de encontrarlo con vida.<\/p>\n<p data-start=\"1113\" data-end=\"1246\">La investigaci\u00f3n ahora se centra en determinar la causa y data de muerte, proceso que estar\u00e1 a cargo del Servicio M\u00e9dico Legal (SML).<\/p>\n<p data-start=\"1248\" data-end=\"1383\">El caso contin\u00faa en desarrollo, mientras la PDI realiza diligencias para esclarecer las circunstancias en que ocurri\u00f3 el fallecimiento.<\/p>\n<p data-start=\"1385\" data-end=\"1513\">El hallazgo en Quill\u00f3n pone fin a la b\u00fasqueda, pero abre una nueva etapa investigativa para aclarar qu\u00e9 ocurri\u00f3 con Hugo Arroyo.<\/p>\n","protected":false},"excerpt":{"rendered":"<p>El cuerpo de un hombre de 55 a\u00f1os, desaparecido desde febrero en Cabrero, fue encontrado este lunes en el sector rural de Liucura, en la comuna de Quill\u00f3n, regi\u00f3n de \u00d1uble. Se trata de Hugo Arroyo, operador de maquinaria industrial, quien hab\u00eda sido visto por \u00faltima vez el 22 de febrero tras salir de su &hellip;<\/p>\n","protected":false},"author":1,"featured_media":53768,"comment_status":"open","ping_status":"open","sticky":false,"template":"","format":"standard","meta":{"footnotes":""},"categories":[25],"tags":[],"class_list":["post-53828","post","type-post","status-publish","format-standard","has-post-thumbnail","hentry","category-nuble"],"_links":{"self":[{"href":"https:\/\/radionuble.cl\/v1\/wp-json\/wp\/v2\/posts\/53828","targetHints":{"allow":["GET"]}}],"collection":[{"href":"https:\/\/radionuble.cl\/v1\/wp-json\/wp\/v2\/posts"}],"about":[{"href":"https:\/\/radionuble.cl\/v1\/wp-json\/wp\/v2\/types\/post"}],"author":[{"embeddable":true,"href":"https:\/\/radionuble.cl\/v1\/wp-json\/wp\/v2\/users\/1"}],"replies":[{"embeddable":true,"href":"https:\/\/radionuble.cl\/v1\/wp-json\/wp\/v2\/comments?post=53828"}],"version-history":[{"count":1,"href":"https:\/\/radionuble.cl\/v1\/wp-json\/wp\/v2\/posts\/53828\/revisions"}],"predecessor-version":[{"id":53829,"href":"https:\/\/radionuble.cl\/v1\/wp-json\/wp\/v2\/posts\/53828\/revisions\/53829"}],"wp:featuredmedia":[{"embeddable":true,"href":"https:\/\/radionuble.cl\/v1\/wp-json\/wp\/v2\/media\/53768"}],"wp:attachment":[{"href":"https:\/\/radionuble.cl\/v1\/wp-json\/wp\/v2\/media?parent=53828"}],"wp:term":[{"taxonomy":"category","embeddable":true,"href":"https:\/\/radionuble.cl\/v1\/wp-json\/wp\/v2\/categories?post=53828"},{"taxonomy":"post_tag","embeddable":true,"href":"https:\/\/radionuble.cl\/v1\/wp-json\/wp\/v2\/tags?post=53828"}],"curies":[{"name":"wp","href":"https:\/\/api.w.org\/{rel}","templated":true}]}}