{"id":53830,"date":"2026-04-27T18:16:53","date_gmt":"2026-04-27T18:16:53","guid":{"rendered":"https:\/\/radionuble.cl\/v1\/?p=53830"},"modified":"2026-04-27T18:16:53","modified_gmt":"2026-04-27T18:16:53","slug":"alerta-en-chillan-y-nuble-lluvias-intensas-amenazan-con-complicaciones-este-martes","status":"publish","type":"post","link":"https:\/\/radionuble.cl\/v1\/2026\/04\/27\/alerta-en-chillan-y-nuble-lluvias-intensas-amenazan-con-complicaciones-este-martes\/","title":{"rendered":"Alerta en Chill\u00e1n y \u00d1uble: lluvias intensas amenazan con complicaciones este martes"},"content":{"rendered":"<p data-start=\"74\" data-end=\"262\">Un aviso meteorol\u00f3gico por lluvias intensas en corto tiempo fue emitido para \u00d1uble, con precipitaciones que podr\u00edan generar riesgos en sectores cordilleranos desde la noche de este martes.<\/p>\n<p data-start=\"264\" data-end=\"506\">La Direcci\u00f3n Meteorol\u00f3gica inform\u00f3 que el evento se desarrollar\u00e1 entre la noche del martes 28 y la madrugada del mi\u00e9rcoles 29 de abril, afectando principalmente la precordillera y cordillera de la regi\u00f3n .<\/p>\n<p data-start=\"508\" data-end=\"692\">El principal impacto ser\u00e1 la ca\u00edda de entre 25 y 35 mil\u00edmetros de lluvia en pocas horas, lo que eleva el riesgo de crecidas de cauces, deslizamientos y complicaciones en rutas rurales.<\/p>\n<p data-start=\"694\" data-end=\"906\">En la pr\u00e1ctica, este aviso implica que quienes vivan o se desplacen por sectores cordilleranos deben extremar precauciones, evitar zonas de riesgo y mantenerse informados ante posibles cambios en las condiciones.<\/p>\n<p data-start=\"908\" data-end=\"1106\">Seg\u00fan el detalle entregado, la isoterma cero se ubicar\u00e1 en torno a los 3.400 metros, lo que podr\u00eda intensificar el efecto de las precipitaciones en zonas altas .<\/p>\n<p data-start=\"1108\" data-end=\"1302\">Este sistema frontal corresponde a una condici\u00f3n sin\u00f3ptica t\u00edpica de oto\u00f1o, pero concentrada en un periodo breve, lo que aumenta su potencial de impacto en comparaci\u00f3n a lluvias m\u00e1s prolongadas.<\/p>\n<p data-start=\"1304\" data-end=\"1509\">Desde Meteorolog\u00eda se indic\u00f3 que se trata de un evento de \u201cseveridad moderada, potencialmente riesgoso\u201d, por lo que se recomienda seguir las instrucciones de las autoridades y evitar actividades expuestas.<\/p>\n<p data-start=\"1511\" data-end=\"1715\">El escenario en \u00d1uble se suma a afectaciones en Biob\u00edo, donde tambi\u00e9n se esperan precipitaciones relevantes en cordillera y precordillera, reforzando el llamado a la prevenci\u00f3n en toda la zona centro sur.<\/p>\n<p data-start=\"1717\" data-end=\"1917\">En resumen, \u00d1uble enfrentar\u00e1 lluvias intensas en pocas horas desde este martes, con foco en sectores cordilleranos, lo que obliga a tomar medidas preventivas ante posibles efectos en caminos y cauces.<\/p>\n","protected":false},"excerpt":{"rendered":"<p>Un aviso meteorol\u00f3gico por lluvias intensas en corto tiempo fue emitido para \u00d1uble, con precipitaciones que podr\u00edan generar riesgos en sectores cordilleranos desde la noche de este martes. La Direcci\u00f3n Meteorol\u00f3gica inform\u00f3 que el evento se desarrollar\u00e1 entre la noche del martes 28 y la madrugada del mi\u00e9rcoles 29 de abril, afectando principalmente la precordillera &hellip;<\/p>\n","protected":false},"author":1,"featured_media":53589,"comment_status":"open","ping_status":"open","sticky":false,"template":"","format":"standard","meta":{"footnotes":""},"categories":[24],"tags":[],"class_list":["post-53830","post","type-post","status-publish","format-standard","has-post-thumbnail","hentry","category-chillan"],"_links":{"self":[{"href":"https:\/\/radionuble.cl\/v1\/wp-json\/wp\/v2\/posts\/53830","targetHints":{"allow":["GET"]}}],"collection":[{"href":"https:\/\/radionuble.cl\/v1\/wp-json\/wp\/v2\/posts"}],"about":[{"href":"https:\/\/radionuble.cl\/v1\/wp-json\/wp\/v2\/types\/post"}],"author":[{"embeddable":true,"href":"https:\/\/radionuble.cl\/v1\/wp-json\/wp\/v2\/users\/1"}],"replies":[{"embeddable":true,"href":"https:\/\/radionuble.cl\/v1\/wp-json\/wp\/v2\/comments?post=53830"}],"version-history":[{"count":1,"href":"https:\/\/radionuble.cl\/v1\/wp-json\/wp\/v2\/posts\/53830\/revisions"}],"predecessor-version":[{"id":53831,"href":"https:\/\/radionuble.cl\/v1\/wp-json\/wp\/v2\/posts\/53830\/revisions\/53831"}],"wp:featuredmedia":[{"embeddable":true,"href":"https:\/\/radionuble.cl\/v1\/wp-json\/wp\/v2\/media\/53589"}],"wp:attachment":[{"href":"https:\/\/radionuble.cl\/v1\/wp-json\/wp\/v2\/media?parent=53830"}],"wp:term":[{"taxonomy":"category","embeddable":true,"href":"https:\/\/radionuble.cl\/v1\/wp-json\/wp\/v2\/categories?post=53830"},{"taxonomy":"post_tag","embeddable":true,"href":"https:\/\/radionuble.cl\/v1\/wp-json\/wp\/v2\/tags?post=53830"}],"curies":[{"name":"wp","href":"https:\/\/api.w.org\/{rel}","templated":true}]}}