{"id":53832,"date":"2026-04-27T18:17:50","date_gmt":"2026-04-27T18:17:50","guid":{"rendered":"https:\/\/radionuble.cl\/v1\/?p=53832"},"modified":"2026-04-27T18:17:50","modified_gmt":"2026-04-27T18:17:50","slug":"nuble-brilla-en-santiago-atletismo-escolar-logra-historico-segundo-lugar","status":"publish","type":"post","link":"https:\/\/radionuble.cl\/v1\/2026\/04\/27\/nuble-brilla-en-santiago-atletismo-escolar-logra-historico-segundo-lugar\/","title":{"rendered":"\u00d1uble brilla en Santiago: atletismo escolar logra hist\u00f3rico segundo lugar"},"content":{"rendered":"<p data-start=\"79\" data-end=\"275\">El atletismo de \u00d1uble marc\u00f3 un hito en Santiago tras conseguir un hist\u00f3rico segundo lugar nacional en la Final de los Juegos Deportivos Escolares, consolidando a la regi\u00f3n como potencia emergente.<\/p>\n<p data-start=\"277\" data-end=\"485\">La competencia, organizada por el Instituto Nacional de Deportes (IND), re\u00fane a m\u00e1s de 2.600 estudiantes de todo Chile, donde \u00d1uble participa con 147 deportistas que ganaron sus respectivas etapas regionales.<\/p>\n<p data-start=\"487\" data-end=\"657\">El gran impacto lo gener\u00f3 el equipo femenino, que alcanz\u00f3 el segundo lugar en la tabla general del atletismo damas, un resultado in\u00e9dito para la regi\u00f3n en esta instancia.<\/p>\n<p data-start=\"659\" data-end=\"853\">A esto se suman tres medallas de oro clave: Yael Nazal en 150 metros planos, P\u00eda Oyarce en lanzamiento de martillo y Emma Hilcre en jabalina, quienes adem\u00e1s clasificaron al Sudamericano Escolar.<\/p>\n<p data-start=\"855\" data-end=\"1038\">En lo pr\u00e1ctico, estos resultados permiten que las deportistas representen a Chile en diciembre en Paraguay, abriendo oportunidades deportivas y de proyecci\u00f3n internacional para \u00d1uble.<\/p>\n<p data-start=\"1040\" data-end=\"1240\">El rendimiento regional tambi\u00e9n incluy\u00f3 una plata en 80 metros planos (Nazal), bronce en 2 mil metros (Antonia Encina) y podio en la posta 5&#215;80, adem\u00e1s del bronce de Emilio Soto en salto con garrocha.<\/p>\n<p data-start=\"1242\" data-end=\"1410\">En atletismo adaptado, \u00d1uble tambi\u00e9n destac\u00f3 con la plata de Valentina Monsalve y podios en postas, ampliando el impacto del desempe\u00f1o regional en distintas categor\u00edas.<\/p>\n<p data-start=\"1412\" data-end=\"1576\">Estos resultados responden a un trabajo sostenido entre colegios, clubes y programas como Promesas Chile, que han fortalecido la detecci\u00f3n de talentos en la regi\u00f3n.<\/p>\n","protected":false},"excerpt":{"rendered":"<p>El atletismo de \u00d1uble marc\u00f3 un hito en Santiago tras conseguir un hist\u00f3rico segundo lugar nacional en la Final de los Juegos Deportivos Escolares, consolidando a la regi\u00f3n como potencia emergente. La competencia, organizada por el Instituto Nacional de Deportes (IND), re\u00fane a m\u00e1s de 2.600 estudiantes de todo Chile, donde \u00d1uble participa con 147 &hellip;<\/p>\n","protected":false},"author":1,"featured_media":53833,"comment_status":"open","ping_status":"open","sticky":false,"template":"","format":"standard","meta":{"footnotes":""},"categories":[28],"tags":[],"class_list":["post-53832","post","type-post","status-publish","format-standard","has-post-thumbnail","hentry","category-deportes"],"_links":{"self":[{"href":"https:\/\/radionuble.cl\/v1\/wp-json\/wp\/v2\/posts\/53832","targetHints":{"allow":["GET"]}}],"collection":[{"href":"https:\/\/radionuble.cl\/v1\/wp-json\/wp\/v2\/posts"}],"about":[{"href":"https:\/\/radionuble.cl\/v1\/wp-json\/wp\/v2\/types\/post"}],"author":[{"embeddable":true,"href":"https:\/\/radionuble.cl\/v1\/wp-json\/wp\/v2\/users\/1"}],"replies":[{"embeddable":true,"href":"https:\/\/radionuble.cl\/v1\/wp-json\/wp\/v2\/comments?post=53832"}],"version-history":[{"count":1,"href":"https:\/\/radionuble.cl\/v1\/wp-json\/wp\/v2\/posts\/53832\/revisions"}],"predecessor-version":[{"id":53834,"href":"https:\/\/radionuble.cl\/v1\/wp-json\/wp\/v2\/posts\/53832\/revisions\/53834"}],"wp:featuredmedia":[{"embeddable":true,"href":"https:\/\/radionuble.cl\/v1\/wp-json\/wp\/v2\/media\/53833"}],"wp:attachment":[{"href":"https:\/\/radionuble.cl\/v1\/wp-json\/wp\/v2\/media?parent=53832"}],"wp:term":[{"taxonomy":"category","embeddable":true,"href":"https:\/\/radionuble.cl\/v1\/wp-json\/wp\/v2\/categories?post=53832"},{"taxonomy":"post_tag","embeddable":true,"href":"https:\/\/radionuble.cl\/v1\/wp-json\/wp\/v2\/tags?post=53832"}],"curies":[{"name":"wp","href":"https:\/\/api.w.org\/{rel}","templated":true}]}}