{"id":53835,"date":"2026-04-27T18:19:04","date_gmt":"2026-04-27T18:19:04","guid":{"rendered":"https:\/\/radionuble.cl\/v1\/?p=53835"},"modified":"2026-04-27T18:19:04","modified_gmt":"2026-04-27T18:19:04","slug":"vocera-de-gobierno-minimiza-caida-en-encuestas-y-descarta-autocritica","status":"publish","type":"post","link":"https:\/\/radionuble.cl\/v1\/2026\/04\/27\/vocera-de-gobierno-minimiza-caida-en-encuestas-y-descarta-autocritica\/","title":{"rendered":"Vocera de Gobierno minimiza ca\u00edda en encuestas y descarta autocr\u00edtica"},"content":{"rendered":"<p data-start=\"75\" data-end=\"325\">La ministra vocera de Gobierno, <span class=\"hover:entity-accent entity-underline inline cursor-pointer align-baseline\"><span class=\"whitespace-normal\">Mara Sedini<\/span><\/span>, abord\u00f3 su ca\u00edda en las encuestas y rest\u00f3 importancia a los resultados, pese a posicionarse como la peor evaluada del gabinete del presidente <span class=\"hover:entity-accent entity-underline inline cursor-pointer align-baseline\"><span class=\"whitespace-normal\">Jos\u00e9 Antonio Kast<\/span><\/span>.<\/p>\n<p data-start=\"327\" data-end=\"522\">La autoridad se refiri\u00f3 al tema desde la comuna de San Bernardo, luego de que la encuesta <span class=\"hover:entity-accent entity-underline inline cursor-pointer align-baseline\"><span class=\"whitespace-normal\">Cadem<\/span><\/span> revelara una baja de 18 puntos en su aprobaci\u00f3n, alcanzando un 24%.<\/p>\n<p data-start=\"524\" data-end=\"709\">El impacto pol\u00edtico es relevante, ya que instala presi\u00f3n sobre el equipo de Gobierno en medio de evaluaciones ciudadanas negativas, especialmente en cargos estrat\u00e9gicos como la vocer\u00eda.<\/p>\n<p data-start=\"711\" data-end=\"874\">En lo pr\u00e1ctico, Sedini asegur\u00f3 que las encuestas no determinan el actuar del Ejecutivo y que las decisiones se toman pensando en el mediano y largo plazo del pa\u00eds.<\/p>\n<p data-start=\"876\" data-end=\"1032\">La ministra sostuvo que muchas medidas pueden ser impopulares, pero necesarias para enfrentar problemas como la estrechez fiscal y avanzar en el desarrollo.<\/p>\n<p data-start=\"1034\" data-end=\"1200\">Pese a los resultados, la vocera evit\u00f3 realizar una autocr\u00edtica directa, enfatizando que su foco est\u00e1 en cumplir el mandato presidencial y trabajar por la ciudadan\u00eda.<\/p>\n<p data-start=\"1202\" data-end=\"1357\">Desde el Gobierno, la postura ha sido mantener el rumbo de las pol\u00edticas p\u00fablicas, independientemente de la evaluaci\u00f3n moment\u00e1nea que reflejen los sondeos.<\/p>\n<p data-start=\"1359\" data-end=\"1508\">El resultado de la encuesta Cadem tambi\u00e9n mostr\u00f3 una baja en la aprobaci\u00f3n del Presidente, lo que refuerza el escenario de presi\u00f3n para el Ejecutivo.<\/p>\n<p data-start=\"1510\" data-end=\"1662\">La situaci\u00f3n se da en un contexto donde las encuestas marcan tendencia en la percepci\u00f3n ciudadana, aunque el Gobierno insiste en relativizar su impacto.<\/p>\n<p data-start=\"1664\" data-end=\"1809\">La ministra reafirm\u00f3 que continuar\u00e1 en su cargo trabajando en las prioridades del Ejecutivo, sin considerar cambios a partir de estos resultados.<\/p>\n","protected":false},"excerpt":{"rendered":"<p>La ministra vocera de Gobierno, Mara Sedini, abord\u00f3 su ca\u00edda en las encuestas y rest\u00f3 importancia a los resultados, pese a posicionarse como la peor evaluada del gabinete del presidente Jos\u00e9 Antonio Kast. La autoridad se refiri\u00f3 al tema desde la comuna de San Bernardo, luego de que la encuesta Cadem revelara una baja de &hellip;<\/p>\n","protected":false},"author":1,"featured_media":53836,"comment_status":"open","ping_status":"open","sticky":false,"template":"","format":"standard","meta":{"footnotes":""},"categories":[26],"tags":[],"class_list":["post-53835","post","type-post","status-publish","format-standard","has-post-thumbnail","hentry","category-pais"],"_links":{"self":[{"href":"https:\/\/radionuble.cl\/v1\/wp-json\/wp\/v2\/posts\/53835","targetHints":{"allow":["GET"]}}],"collection":[{"href":"https:\/\/radionuble.cl\/v1\/wp-json\/wp\/v2\/posts"}],"about":[{"href":"https:\/\/radionuble.cl\/v1\/wp-json\/wp\/v2\/types\/post"}],"author":[{"embeddable":true,"href":"https:\/\/radionuble.cl\/v1\/wp-json\/wp\/v2\/users\/1"}],"replies":[{"embeddable":true,"href":"https:\/\/radionuble.cl\/v1\/wp-json\/wp\/v2\/comments?post=53835"}],"version-history":[{"count":1,"href":"https:\/\/radionuble.cl\/v1\/wp-json\/wp\/v2\/posts\/53835\/revisions"}],"predecessor-version":[{"id":53837,"href":"https:\/\/radionuble.cl\/v1\/wp-json\/wp\/v2\/posts\/53835\/revisions\/53837"}],"wp:featuredmedia":[{"embeddable":true,"href":"https:\/\/radionuble.cl\/v1\/wp-json\/wp\/v2\/media\/53836"}],"wp:attachment":[{"href":"https:\/\/radionuble.cl\/v1\/wp-json\/wp\/v2\/media?parent=53835"}],"wp:term":[{"taxonomy":"category","embeddable":true,"href":"https:\/\/radionuble.cl\/v1\/wp-json\/wp\/v2\/categories?post=53835"},{"taxonomy":"post_tag","embeddable":true,"href":"https:\/\/radionuble.cl\/v1\/wp-json\/wp\/v2\/tags?post=53835"}],"curies":[{"name":"wp","href":"https:\/\/api.w.org\/{rel}","templated":true}]}}