{"id":53838,"date":"2026-04-27T18:20:04","date_gmt":"2026-04-27T18:20:04","guid":{"rendered":"https:\/\/radionuble.cl\/v1\/?p=53838"},"modified":"2026-04-27T18:20:04","modified_gmt":"2026-04-27T18:20:04","slug":"la-historia-de-la-joven-que-murio-tras-choque-de-excarabinero-ebrio","status":"publish","type":"post","link":"https:\/\/radionuble.cl\/v1\/2026\/04\/27\/la-historia-de-la-joven-que-murio-tras-choque-de-excarabinero-ebrio\/","title":{"rendered":"La historia de la joven que muri\u00f3 tras choque de excarabinero ebrio"},"content":{"rendered":"<p data-start=\"73\" data-end=\"282\">La muerte de Mar\u00eda Alejandra Flores Rodr\u00edguez, joven colombiana de 20 a\u00f1os, sigue generando impacto tras el fatal choque en Santiago Centro. Su madre lleg\u00f3 al pa\u00eds para gestionar la repatriaci\u00f3n de sus restos.<\/p>\n<p data-start=\"284\" data-end=\"485\">El accidente ocurri\u00f3 la madrugada del viernes, cuando un exfuncionario de Carabineros, que conduc\u00eda en estado de ebriedad, cruz\u00f3 una luz roja e impact\u00f3 el veh\u00edculo de aplicaci\u00f3n donde viajaba la joven.<\/p>\n<p data-start=\"487\" data-end=\"664\">El caso ha provocado indignaci\u00f3n, ya que el conductor y otros seis exuniformados huyeron del lugar sin prestar ayuda. La v\u00edctima falleci\u00f3 horas despu\u00e9s en un centro asistencial.<\/p>\n<p data-start=\"666\" data-end=\"843\">En lo pr\u00e1ctico, la familia ahora enfrenta el proceso de trasladar el cuerpo a Colombia. La madre de la joven ya inici\u00f3 gestiones con el consulado para concretar la repatriaci\u00f3n.<\/p>\n<p data-start=\"845\" data-end=\"1038\">Mar\u00eda Alejandra hab\u00eda llegado a Chile hace tres a\u00f1os con el objetivo de trabajar y apoyar a sus hermanos menores. Se desempe\u00f1aba como manicurista y maquilladora, mientras estudiaba para ser DJ.<\/p>\n<p data-start=\"1040\" data-end=\"1164\">Amigos cercanos la describen como una joven esforzada, que buscaba salir adelante y ayudar a su familia desde el extranjero.<\/p>\n<p data-start=\"1166\" data-end=\"1345\">El caso tambi\u00e9n tiene consecuencias judiciales, ya que el exfuncionario involucrado se encuentra en prisi\u00f3n preventiva tras ser formalizado por su responsabilidad en el accidente.<\/p>\n<p data-start=\"1347\" data-end=\"1490\">La situaci\u00f3n ha reabierto el debate sobre conducci\u00f3n en estado de ebriedad y responsabilidad penal, especialmente en casos con resultado fatal.<\/p>\n<p data-start=\"1492\" data-end=\"1616\">Mientras avanza la investigaci\u00f3n, la familia de la joven exige justicia y sanciones para todos los involucrados en el hecho.<\/p>\n<p data-start=\"1618\" data-end=\"1761\">La muerte de Mar\u00eda Alejandra Flores deja una familia marcada por la tragedia y un proceso pendiente: lograr que sus restos regresen a Colombia.<\/p>\n","protected":false},"excerpt":{"rendered":"<p>La muerte de Mar\u00eda Alejandra Flores Rodr\u00edguez, joven colombiana de 20 a\u00f1os, sigue generando impacto tras el fatal choque en Santiago Centro. Su madre lleg\u00f3 al pa\u00eds para gestionar la repatriaci\u00f3n de sus restos. El accidente ocurri\u00f3 la madrugada del viernes, cuando un exfuncionario de Carabineros, que conduc\u00eda en estado de ebriedad, cruz\u00f3 una luz &hellip;<\/p>\n","protected":false},"author":1,"featured_media":53839,"comment_status":"open","ping_status":"open","sticky":false,"template":"","format":"standard","meta":{"footnotes":""},"categories":[26],"tags":[],"class_list":["post-53838","post","type-post","status-publish","format-standard","has-post-thumbnail","hentry","category-pais"],"_links":{"self":[{"href":"https:\/\/radionuble.cl\/v1\/wp-json\/wp\/v2\/posts\/53838","targetHints":{"allow":["GET"]}}],"collection":[{"href":"https:\/\/radionuble.cl\/v1\/wp-json\/wp\/v2\/posts"}],"about":[{"href":"https:\/\/radionuble.cl\/v1\/wp-json\/wp\/v2\/types\/post"}],"author":[{"embeddable":true,"href":"https:\/\/radionuble.cl\/v1\/wp-json\/wp\/v2\/users\/1"}],"replies":[{"embeddable":true,"href":"https:\/\/radionuble.cl\/v1\/wp-json\/wp\/v2\/comments?post=53838"}],"version-history":[{"count":1,"href":"https:\/\/radionuble.cl\/v1\/wp-json\/wp\/v2\/posts\/53838\/revisions"}],"predecessor-version":[{"id":53840,"href":"https:\/\/radionuble.cl\/v1\/wp-json\/wp\/v2\/posts\/53838\/revisions\/53840"}],"wp:featuredmedia":[{"embeddable":true,"href":"https:\/\/radionuble.cl\/v1\/wp-json\/wp\/v2\/media\/53839"}],"wp:attachment":[{"href":"https:\/\/radionuble.cl\/v1\/wp-json\/wp\/v2\/media?parent=53838"}],"wp:term":[{"taxonomy":"category","embeddable":true,"href":"https:\/\/radionuble.cl\/v1\/wp-json\/wp\/v2\/categories?post=53838"},{"taxonomy":"post_tag","embeddable":true,"href":"https:\/\/radionuble.cl\/v1\/wp-json\/wp\/v2\/tags?post=53838"}],"curies":[{"name":"wp","href":"https:\/\/api.w.org\/{rel}","templated":true}]}}