{"id":53843,"date":"2026-04-27T18:32:10","date_gmt":"2026-04-27T18:32:10","guid":{"rendered":"https:\/\/radionuble.cl\/v1\/?p=53843"},"modified":"2026-04-27T18:32:10","modified_gmt":"2026-04-27T18:32:10","slug":"estas-son-las-millonarias-inversiones-que-llegan-a-carabineros-en-nuble","status":"publish","type":"post","link":"https:\/\/radionuble.cl\/v1\/2026\/04\/27\/estas-son-las-millonarias-inversiones-que-llegan-a-carabineros-en-nuble\/","title":{"rendered":"Estas son las millonarias inversiones que llegan a Carabineros en \u00d1uble"},"content":{"rendered":"<p data-start=\"62\" data-end=\"246\">El Gobierno Regional de \u00d1uble confirm\u00f3 una inversi\u00f3n cercana a los $10 mil millones para fortalecer a Carabineros, con nuevos veh\u00edculos, infraestructura y tecnolog\u00eda en toda la regi\u00f3n.<\/p>\n<p data-start=\"248\" data-end=\"421\">El anuncio se dio en el marco del aniversario 99 de la instituci\u00f3n, destacando un plan ejecutado desde 2022 que busca mejorar la seguridad y la capacidad operativa policial.<\/p>\n<p data-start=\"423\" data-end=\"597\">El impacto es directo: m\u00e1s dotaci\u00f3n, mejor equipamiento y presencia policial en comunas de \u00d1uble, lo que apunta a reforzar la seguridad en barrios urbanos y sectores rurales.<\/p>\n<p data-start=\"599\" data-end=\"774\">En la pr\u00e1ctica, se incorporaron 30 camionetas, 27 motos y 2 cuarteles m\u00f3viles, adem\u00e1s de nuevas dependencias policiales y conexi\u00f3n de c\u00e1maras municipales con la central CENCO.<\/p>\n<p data-start=\"776\" data-end=\"967\">Uno de los hitos clave es la Escuela de Formaci\u00f3n de Carabineros, que tendr\u00e1 una etapa transitoria en Quirihue y un proyecto definitivo en Capilla Cox, buscando aumentar la dotaci\u00f3n regional.<\/p>\n<p data-start=\"969\" data-end=\"1123\">En cifras, la inversi\u00f3n supera los $9.800 millones e incluye tambi\u00e9n reposici\u00f3n de retenes, nuevas tenencias y subcomisar\u00edas en distintos puntos de \u00d1uble.<\/p>\n<p data-start=\"1125\" data-end=\"1291\">Este impulso responde a la necesidad de mejorar la seguridad regional y enfrentar el aumento de delitos con mayor presencia policial y mejor coordinaci\u00f3n tecnol\u00f3gica.<\/p>\n<p data-start=\"1293\" data-end=\"1439\">Autoridades destacaron que el objetivo es contar con una instituci\u00f3n m\u00e1s preparada, cercana a la comunidad y con mejores herramientas para actuar.<\/p>\n","protected":false},"excerpt":{"rendered":"<p>El Gobierno Regional de \u00d1uble confirm\u00f3 una inversi\u00f3n cercana a los $10 mil millones para fortalecer a Carabineros, con nuevos veh\u00edculos, infraestructura y tecnolog\u00eda en toda la regi\u00f3n. El anuncio se dio en el marco del aniversario 99 de la instituci\u00f3n, destacando un plan ejecutado desde 2022 que busca mejorar la seguridad y la capacidad &hellip;<\/p>\n","protected":false},"author":1,"featured_media":53844,"comment_status":"open","ping_status":"open","sticky":false,"template":"","format":"standard","meta":{"footnotes":""},"categories":[25],"tags":[],"class_list":["post-53843","post","type-post","status-publish","format-standard","has-post-thumbnail","hentry","category-nuble"],"_links":{"self":[{"href":"https:\/\/radionuble.cl\/v1\/wp-json\/wp\/v2\/posts\/53843","targetHints":{"allow":["GET"]}}],"collection":[{"href":"https:\/\/radionuble.cl\/v1\/wp-json\/wp\/v2\/posts"}],"about":[{"href":"https:\/\/radionuble.cl\/v1\/wp-json\/wp\/v2\/types\/post"}],"author":[{"embeddable":true,"href":"https:\/\/radionuble.cl\/v1\/wp-json\/wp\/v2\/users\/1"}],"replies":[{"embeddable":true,"href":"https:\/\/radionuble.cl\/v1\/wp-json\/wp\/v2\/comments?post=53843"}],"version-history":[{"count":1,"href":"https:\/\/radionuble.cl\/v1\/wp-json\/wp\/v2\/posts\/53843\/revisions"}],"predecessor-version":[{"id":53845,"href":"https:\/\/radionuble.cl\/v1\/wp-json\/wp\/v2\/posts\/53843\/revisions\/53845"}],"wp:featuredmedia":[{"embeddable":true,"href":"https:\/\/radionuble.cl\/v1\/wp-json\/wp\/v2\/media\/53844"}],"wp:attachment":[{"href":"https:\/\/radionuble.cl\/v1\/wp-json\/wp\/v2\/media?parent=53843"}],"wp:term":[{"taxonomy":"category","embeddable":true,"href":"https:\/\/radionuble.cl\/v1\/wp-json\/wp\/v2\/categories?post=53843"},{"taxonomy":"post_tag","embeddable":true,"href":"https:\/\/radionuble.cl\/v1\/wp-json\/wp\/v2\/tags?post=53843"}],"curies":[{"name":"wp","href":"https:\/\/api.w.org\/{rel}","templated":true}]}}