{"id":53846,"date":"2026-04-28T13:03:08","date_gmt":"2026-04-28T13:03:08","guid":{"rendered":"https:\/\/radionuble.cl\/v1\/?p=53846"},"modified":"2026-04-28T13:03:08","modified_gmt":"2026-04-28T13:03:08","slug":"tvn-llega-con-todo-a-chillan-y-apuesta-por-talento-regional","status":"publish","type":"post","link":"https:\/\/radionuble.cl\/v1\/2026\/04\/28\/tvn-llega-con-todo-a-chillan-y-apuesta-por-talento-regional\/","title":{"rendered":"TVN llega con todo a Chill\u00e1n y apuesta por talento regional"},"content":{"rendered":"<p data-start=\"76\" data-end=\"259\">Televisi\u00f3n Nacional de Chile (TVN) concret\u00f3 un convenio con la Corporaci\u00f3n Cultural Municipal de Chill\u00e1n para potenciar la difusi\u00f3n de contenidos culturales de \u00d1uble a nivel nacional.<\/p>\n<p data-start=\"261\" data-end=\"436\">El acuerdo busca fortalecer la presencia regional en televisi\u00f3n y plataformas digitales, permitiendo que actividades art\u00edsticas y ciudadanas de Chill\u00e1n lleguen a todo el pa\u00eds.<\/p>\n<p data-start=\"438\" data-end=\"590\">El impacto es directo para artistas y gestores locales, ya que tendr\u00e1n mayor visibilidad y nuevas vitrinas para proyectar su trabajo fuera de la regi\u00f3n.<\/p>\n<p data-start=\"592\" data-end=\"746\">En la pr\u00e1ctica, la alianza permitir\u00e1 transmitir eventos culturales relevantes desde Chill\u00e1n, adem\u00e1s de generar contenidos que reflejen la identidad local.<\/p>\n<p data-start=\"748\" data-end=\"927\">Durante el \u00faltimo a\u00f1o, este trabajo ya mostr\u00f3 resultados con la difusi\u00f3n del Festival de Cine de \u00d1uble y la transmisi\u00f3n del Festival de la Longaniza y la \u201cCatedral del Freestyle\u201d.<\/p>\n<p data-start=\"929\" data-end=\"1107\">Para este a\u00f1o, se confirm\u00f3 una nueva emisi\u00f3n de la \u201cCatedral del Freestyle\u201d, evento que re\u00fane a exponentes internacionales y que ser\u00e1 transmitido en plataformas digitales de TVN.<\/p>\n<p data-start=\"1109\" data-end=\"1261\">Este convenio responde a una estrategia de descentralizaci\u00f3n, buscando que las regiones tengan mayor protagonismo en la producci\u00f3n audiovisual nacional.<\/p>\n<p data-start=\"1263\" data-end=\"1394\">Adem\u00e1s, se enmarca en el rol p\u00fablico de TVN, que apuesta por contenidos culturales y por ampliar su conexi\u00f3n con nuevas audiencias.<\/p>\n","protected":false},"excerpt":{"rendered":"<p>Televisi\u00f3n Nacional de Chile (TVN) concret\u00f3 un convenio con la Corporaci\u00f3n Cultural Municipal de Chill\u00e1n para potenciar la difusi\u00f3n de contenidos culturales de \u00d1uble a nivel nacional. El acuerdo busca fortalecer la presencia regional en televisi\u00f3n y plataformas digitales, permitiendo que actividades art\u00edsticas y ciudadanas de Chill\u00e1n lleguen a todo el pa\u00eds. El impacto es &hellip;<\/p>\n","protected":false},"author":1,"featured_media":53847,"comment_status":"open","ping_status":"open","sticky":false,"template":"","format":"standard","meta":{"footnotes":""},"categories":[24],"tags":[],"class_list":["post-53846","post","type-post","status-publish","format-standard","has-post-thumbnail","hentry","category-chillan"],"_links":{"self":[{"href":"https:\/\/radionuble.cl\/v1\/wp-json\/wp\/v2\/posts\/53846","targetHints":{"allow":["GET"]}}],"collection":[{"href":"https:\/\/radionuble.cl\/v1\/wp-json\/wp\/v2\/posts"}],"about":[{"href":"https:\/\/radionuble.cl\/v1\/wp-json\/wp\/v2\/types\/post"}],"author":[{"embeddable":true,"href":"https:\/\/radionuble.cl\/v1\/wp-json\/wp\/v2\/users\/1"}],"replies":[{"embeddable":true,"href":"https:\/\/radionuble.cl\/v1\/wp-json\/wp\/v2\/comments?post=53846"}],"version-history":[{"count":1,"href":"https:\/\/radionuble.cl\/v1\/wp-json\/wp\/v2\/posts\/53846\/revisions"}],"predecessor-version":[{"id":53848,"href":"https:\/\/radionuble.cl\/v1\/wp-json\/wp\/v2\/posts\/53846\/revisions\/53848"}],"wp:featuredmedia":[{"embeddable":true,"href":"https:\/\/radionuble.cl\/v1\/wp-json\/wp\/v2\/media\/53847"}],"wp:attachment":[{"href":"https:\/\/radionuble.cl\/v1\/wp-json\/wp\/v2\/media?parent=53846"}],"wp:term":[{"taxonomy":"category","embeddable":true,"href":"https:\/\/radionuble.cl\/v1\/wp-json\/wp\/v2\/categories?post=53846"},{"taxonomy":"post_tag","embeddable":true,"href":"https:\/\/radionuble.cl\/v1\/wp-json\/wp\/v2\/tags?post=53846"}],"curies":[{"name":"wp","href":"https:\/\/api.w.org\/{rel}","templated":true}]}}