{"id":53849,"date":"2026-04-28T13:04:19","date_gmt":"2026-04-28T13:04:19","guid":{"rendered":"https:\/\/radionuble.cl\/v1\/?p=53849"},"modified":"2026-04-28T13:04:19","modified_gmt":"2026-04-28T13:04:19","slug":"amenazo-con-machete-robo-y-agredio-a-carabineros-en-nuble","status":"publish","type":"post","link":"https:\/\/radionuble.cl\/v1\/2026\/04\/28\/amenazo-con-machete-robo-y-agredio-a-carabineros-en-nuble\/","title":{"rendered":"Amenaz\u00f3 con machete, rob\u00f3 y agredi\u00f3 a Carabineros en \u00d1uble"},"content":{"rendered":"<p data-start=\"82\" data-end=\"271\">Un joven de 18 a\u00f1os qued\u00f3 en prisi\u00f3n preventiva tras protagonizar una violenta jornada en la comuna de San Ignacio, regi\u00f3n de \u00d1uble, donde amenaz\u00f3 de muerte, rob\u00f3 y agredi\u00f3 a un carabinero.<\/p>\n<p data-start=\"273\" data-end=\"443\">Los hechos ocurrieron el jueves en el sector de Pueblo Seco, cuando el imputado, identificado como Jeison Baeza, intent\u00f3 ingresar a una vivienda cerca de las 13:00 horas.<\/p>\n<p data-start=\"445\" data-end=\"590\">Al ser descubierto por los due\u00f1os del inmueble, el sujeto los amenaz\u00f3 de muerte utilizando un machete, generando temor inmediato en las v\u00edctimas.<\/p>\n<p data-start=\"592\" data-end=\"766\">M\u00e1s tarde, cerca de las 19:00 horas, abord\u00f3 a un hombre que se encontraba en un veh\u00edculo estacionado en la plaza del sector, a quien agredi\u00f3 para robarle un tel\u00e9fono celular.<\/p>\n<p data-start=\"768\" data-end=\"901\">El imputado fue reconocido por las v\u00edctimas, lo que permiti\u00f3 su r\u00e1pida identificaci\u00f3n y posterior detenci\u00f3n por parte de Carabineros.<\/p>\n<p data-start=\"903\" data-end=\"1034\">Sin embargo, al momento de ser capturado, el joven tambi\u00e9n atac\u00f3 a uno de los funcionarios policiales de la tenencia de Quiriquina.<\/p>\n<p data-start=\"1036\" data-end=\"1207\">Durante la audiencia, la Fiscal\u00eda argument\u00f3 que su libertad representaba un peligro para la seguridad de la sociedad, considerando la gravedad y reiteraci\u00f3n de los hechos.<\/p>\n<p data-start=\"1209\" data-end=\"1339\">El tribunal acogi\u00f3 estos antecedentes y decret\u00f3 la prisi\u00f3n preventiva, fijando adem\u00e1s un plazo de dos meses para la investigaci\u00f3n.<\/p>\n","protected":false},"excerpt":{"rendered":"<p>Un joven de 18 a\u00f1os qued\u00f3 en prisi\u00f3n preventiva tras protagonizar una violenta jornada en la comuna de San Ignacio, regi\u00f3n de \u00d1uble, donde amenaz\u00f3 de muerte, rob\u00f3 y agredi\u00f3 a un carabinero. Los hechos ocurrieron el jueves en el sector de Pueblo Seco, cuando el imputado, identificado como Jeison Baeza, intent\u00f3 ingresar a una &hellip;<\/p>\n","protected":false},"author":1,"featured_media":53850,"comment_status":"open","ping_status":"open","sticky":false,"template":"","format":"standard","meta":{"footnotes":""},"categories":[25],"tags":[],"class_list":["post-53849","post","type-post","status-publish","format-standard","has-post-thumbnail","hentry","category-nuble"],"_links":{"self":[{"href":"https:\/\/radionuble.cl\/v1\/wp-json\/wp\/v2\/posts\/53849","targetHints":{"allow":["GET"]}}],"collection":[{"href":"https:\/\/radionuble.cl\/v1\/wp-json\/wp\/v2\/posts"}],"about":[{"href":"https:\/\/radionuble.cl\/v1\/wp-json\/wp\/v2\/types\/post"}],"author":[{"embeddable":true,"href":"https:\/\/radionuble.cl\/v1\/wp-json\/wp\/v2\/users\/1"}],"replies":[{"embeddable":true,"href":"https:\/\/radionuble.cl\/v1\/wp-json\/wp\/v2\/comments?post=53849"}],"version-history":[{"count":1,"href":"https:\/\/radionuble.cl\/v1\/wp-json\/wp\/v2\/posts\/53849\/revisions"}],"predecessor-version":[{"id":53851,"href":"https:\/\/radionuble.cl\/v1\/wp-json\/wp\/v2\/posts\/53849\/revisions\/53851"}],"wp:featuredmedia":[{"embeddable":true,"href":"https:\/\/radionuble.cl\/v1\/wp-json\/wp\/v2\/media\/53850"}],"wp:attachment":[{"href":"https:\/\/radionuble.cl\/v1\/wp-json\/wp\/v2\/media?parent=53849"}],"wp:term":[{"taxonomy":"category","embeddable":true,"href":"https:\/\/radionuble.cl\/v1\/wp-json\/wp\/v2\/categories?post=53849"},{"taxonomy":"post_tag","embeddable":true,"href":"https:\/\/radionuble.cl\/v1\/wp-json\/wp\/v2\/tags?post=53849"}],"curies":[{"name":"wp","href":"https:\/\/api.w.org\/{rel}","templated":true}]}}