{"id":53854,"date":"2026-04-28T17:44:00","date_gmt":"2026-04-28T17:44:00","guid":{"rendered":"https:\/\/radionuble.cl\/v1\/?p=53854"},"modified":"2026-04-28T17:44:00","modified_gmt":"2026-04-28T17:44:00","slug":"nuble-lleva-su-musica-a-colombia-8-empresas-buscan-abrir-mercados","status":"publish","type":"post","link":"https:\/\/radionuble.cl\/v1\/2026\/04\/28\/nuble-lleva-su-musica-a-colombia-8-empresas-buscan-abrir-mercados\/","title":{"rendered":"\u00d1uble lleva su m\u00fasica a Colombia: 8 empresas buscan abrir mercados"},"content":{"rendered":"<p data-start=\"72\" data-end=\"266\">Ocho empresas creativas de \u00d1uble viajar\u00e1n a Colombia para participar en BIME Bogot\u00e1, un evento clave de la industria musical que busca abrir mercados y generar negocios para el talento regional.<\/p>\n<p data-start=\"268\" data-end=\"424\">La delegaci\u00f3n estar\u00e1 presente entre el 5 y el 7 de mayo, gracias a un convenio entre el Gobierno Regional y ProChile que financia esta misi\u00f3n internacional.<\/p>\n<p data-start=\"426\" data-end=\"601\">El impacto es directo: artistas, productores y gestores culturales podr\u00e1n conectar con la industria iberoamericana, generando oportunidades reales de exportaci\u00f3n de servicios.<\/p>\n<p data-start=\"603\" data-end=\"735\">En lo pr\u00e1ctico, las empresas seleccionadas podr\u00e1n mostrar su trabajo, hacer redes y buscar financiamiento o clientes fuera de Chile.<\/p>\n<p data-start=\"737\" data-end=\"897\">Entre los representantes hay proyectos musicales, productoras y compa\u00f1\u00edas de artes esc\u00e9nicas, lo que refleja la diversidad de las industrias creativas de \u00d1uble.<\/p>\n<p data-start=\"899\" data-end=\"1040\">La participaci\u00f3n en BIME tambi\u00e9n permitir\u00e1 acceder a tendencias, modelos de negocio y experiencias que luego podr\u00edan replicarse en la regi\u00f3n.<\/p>\n<p data-start=\"1042\" data-end=\"1165\">Este viaje se enmarca en una estrategia para posicionar a \u00d1uble como un polo emergente en la industria cultural y creativa.<\/p>\n<p data-start=\"1167\" data-end=\"1292\">Adem\u00e1s, se espera que los participantes transfieran conocimientos al ecosistema local, potenciando el crecimiento del sector.<\/p>\n<p data-start=\"1294\" data-end=\"1441\">El evento es uno de los principales encuentros de la industria musical en Iberoam\u00e9rica, con presencia de agentes, sellos, festivales y plataformas.<\/p>\n","protected":false},"excerpt":{"rendered":"<p>Ocho empresas creativas de \u00d1uble viajar\u00e1n a Colombia para participar en BIME Bogot\u00e1, un evento clave de la industria musical que busca abrir mercados y generar negocios para el talento regional. La delegaci\u00f3n estar\u00e1 presente entre el 5 y el 7 de mayo, gracias a un convenio entre el Gobierno Regional y ProChile que financia &hellip;<\/p>\n","protected":false},"author":1,"featured_media":53855,"comment_status":"open","ping_status":"open","sticky":false,"template":"","format":"standard","meta":{"footnotes":""},"categories":[25],"tags":[],"class_list":["post-53854","post","type-post","status-publish","format-standard","has-post-thumbnail","hentry","category-nuble"],"_links":{"self":[{"href":"https:\/\/radionuble.cl\/v1\/wp-json\/wp\/v2\/posts\/53854","targetHints":{"allow":["GET"]}}],"collection":[{"href":"https:\/\/radionuble.cl\/v1\/wp-json\/wp\/v2\/posts"}],"about":[{"href":"https:\/\/radionuble.cl\/v1\/wp-json\/wp\/v2\/types\/post"}],"author":[{"embeddable":true,"href":"https:\/\/radionuble.cl\/v1\/wp-json\/wp\/v2\/users\/1"}],"replies":[{"embeddable":true,"href":"https:\/\/radionuble.cl\/v1\/wp-json\/wp\/v2\/comments?post=53854"}],"version-history":[{"count":1,"href":"https:\/\/radionuble.cl\/v1\/wp-json\/wp\/v2\/posts\/53854\/revisions"}],"predecessor-version":[{"id":53856,"href":"https:\/\/radionuble.cl\/v1\/wp-json\/wp\/v2\/posts\/53854\/revisions\/53856"}],"wp:featuredmedia":[{"embeddable":true,"href":"https:\/\/radionuble.cl\/v1\/wp-json\/wp\/v2\/media\/53855"}],"wp:attachment":[{"href":"https:\/\/radionuble.cl\/v1\/wp-json\/wp\/v2\/media?parent=53854"}],"wp:term":[{"taxonomy":"category","embeddable":true,"href":"https:\/\/radionuble.cl\/v1\/wp-json\/wp\/v2\/categories?post=53854"},{"taxonomy":"post_tag","embeddable":true,"href":"https:\/\/radionuble.cl\/v1\/wp-json\/wp\/v2\/tags?post=53854"}],"curies":[{"name":"wp","href":"https:\/\/api.w.org\/{rel}","templated":true}]}}