{"id":53857,"date":"2026-04-29T16:19:35","date_gmt":"2026-04-29T16:19:35","guid":{"rendered":"https:\/\/radionuble.cl\/v1\/?p=53857"},"modified":"2026-04-29T16:19:35","modified_gmt":"2026-04-29T16:19:35","slug":"desempleo-sube-en-nuble-tras-meses-a-la-baja","status":"publish","type":"post","link":"https:\/\/radionuble.cl\/v1\/2026\/04\/29\/desempleo-sube-en-nuble-tras-meses-a-la-baja\/","title":{"rendered":"Desempleo sube en \u00d1uble tras meses a la baja"},"content":{"rendered":"<p data-start=\"69\" data-end=\"277\">La tasa de desempleo en \u00d1uble lleg\u00f3 a 8,4% en el trimestre enero-marzo 2026, mostrando una mejora en 12 meses, pero un alza respecto al periodo inmediatamente anterior.<\/p>\n<p data-start=\"279\" data-end=\"468\">Seg\u00fan el informe del INE, la desocupaci\u00f3n cay\u00f3 1,2 puntos porcentuales en comparaci\u00f3n anual, lo que refleja una recuperaci\u00f3n del empleo en la regi\u00f3n.<\/p>\n<p data-start=\"470\" data-end=\"702\">Sin embargo, al comparar con el trimestre previo (diciembre 2025 \u2013 febrero 2026), donde la tasa fue de 7,6%, se observa un aumento de 0,8 puntos, evidenciando una leve desaceleraci\u00f3n reciente.<\/p>\n<p data-start=\"704\" data-end=\"855\">El impacto es directo: aunque el empleo sigue creciendo, el ritmo no es constante, lo que puede afectar la estabilidad laboral en los pr\u00f3ximos meses.<\/p>\n<p data-start=\"857\" data-end=\"1045\">En t\u00e9rminos concretos, el n\u00famero de personas ocupadas aument\u00f3 en 3.313 en un a\u00f1o, lo que confirma una tendencia positiva en la generaci\u00f3n de empleo.<\/p>\n<p data-start=\"1047\" data-end=\"1238\">A esto se suma una baja en la informalidad, que lleg\u00f3 al 30,3%, con una ca\u00edda de 2,7 puntos en doce meses, mostrando empleos m\u00e1s formales en la regi\u00f3n.<\/p>\n<p data-start=\"1240\" data-end=\"1459\">Por sectores, la construcci\u00f3n y la agricultura lideraron el crecimiento del empleo, mientras que el comercio registr\u00f3 una ca\u00edda, marcando diferencias en la recuperaci\u00f3n econ\u00f3mica.<\/p>\n<p data-start=\"1461\" data-end=\"1654\">Adem\u00e1s, las personas desocupadas disminuyeron 13,2% en un a\u00f1o, aunque este indicador no evit\u00f3 el leve repunte del desempleo frente al trimestre anterior.<\/p>\n","protected":false},"excerpt":{"rendered":"<p>La tasa de desempleo en \u00d1uble lleg\u00f3 a 8,4% en el trimestre enero-marzo 2026, mostrando una mejora en 12 meses, pero un alza respecto al periodo inmediatamente anterior. Seg\u00fan el informe del INE, la desocupaci\u00f3n cay\u00f3 1,2 puntos porcentuales en comparaci\u00f3n anual, lo que refleja una recuperaci\u00f3n del empleo en la regi\u00f3n. Sin embargo, al &hellip;<\/p>\n","protected":false},"author":1,"featured_media":53858,"comment_status":"open","ping_status":"open","sticky":false,"template":"","format":"standard","meta":{"footnotes":""},"categories":[24],"tags":[],"class_list":["post-53857","post","type-post","status-publish","format-standard","has-post-thumbnail","hentry","category-chillan"],"_links":{"self":[{"href":"https:\/\/radionuble.cl\/v1\/wp-json\/wp\/v2\/posts\/53857","targetHints":{"allow":["GET"]}}],"collection":[{"href":"https:\/\/radionuble.cl\/v1\/wp-json\/wp\/v2\/posts"}],"about":[{"href":"https:\/\/radionuble.cl\/v1\/wp-json\/wp\/v2\/types\/post"}],"author":[{"embeddable":true,"href":"https:\/\/radionuble.cl\/v1\/wp-json\/wp\/v2\/users\/1"}],"replies":[{"embeddable":true,"href":"https:\/\/radionuble.cl\/v1\/wp-json\/wp\/v2\/comments?post=53857"}],"version-history":[{"count":1,"href":"https:\/\/radionuble.cl\/v1\/wp-json\/wp\/v2\/posts\/53857\/revisions"}],"predecessor-version":[{"id":53859,"href":"https:\/\/radionuble.cl\/v1\/wp-json\/wp\/v2\/posts\/53857\/revisions\/53859"}],"wp:featuredmedia":[{"embeddable":true,"href":"https:\/\/radionuble.cl\/v1\/wp-json\/wp\/v2\/media\/53858"}],"wp:attachment":[{"href":"https:\/\/radionuble.cl\/v1\/wp-json\/wp\/v2\/media?parent=53857"}],"wp:term":[{"taxonomy":"category","embeddable":true,"href":"https:\/\/radionuble.cl\/v1\/wp-json\/wp\/v2\/categories?post=53857"},{"taxonomy":"post_tag","embeddable":true,"href":"https:\/\/radionuble.cl\/v1\/wp-json\/wp\/v2\/tags?post=53857"}],"curies":[{"name":"wp","href":"https:\/\/api.w.org\/{rel}","templated":true}]}}