{"id":53863,"date":"2026-04-29T16:21:53","date_gmt":"2026-04-29T16:21:53","guid":{"rendered":"https:\/\/radionuble.cl\/v1\/?p=53863"},"modified":"2026-04-29T16:21:53","modified_gmt":"2026-04-29T16:21:53","slug":"liberan-a-empresario-secuestrado-tras-pago-de-50-millones","status":"publish","type":"post","link":"https:\/\/radionuble.cl\/v1\/2026\/04\/29\/liberan-a-empresario-secuestrado-tras-pago-de-50-millones\/","title":{"rendered":"Liberan a empresario secuestrado tras pago de $50 millones"},"content":{"rendered":"<p data-start=\"76\" data-end=\"232\">El empresario ferretero de 84 a\u00f1os secuestrado en San Miguel fue liberado con vida este mi\u00e9rcoles, tras m\u00e1s de una semana retenido por una banda organizada.<\/p>\n<p data-start=\"234\" data-end=\"361\">La Fiscal\u00eda ECOH confirm\u00f3 que Jorge Vera apareci\u00f3 en la comuna de Colina, luego de intensas negociaciones lideradas por la PDI.<\/p>\n<p data-start=\"495\" data-end=\"632\">Seg\u00fan los antecedentes, vecinos alertaron a Carabineros tras ver al adulto mayor en la v\u00eda p\u00fablica, permitiendo su r\u00e1pida identificaci\u00f3n.<\/p>\n<p data-start=\"634\" data-end=\"753\">En lo pr\u00e1ctico, la v\u00edctima fue trasladada a un centro de salud para constatar su estado, ya que es insulinodependiente.<\/p>\n<p data-start=\"755\" data-end=\"888\">Uno de los datos clave es que se habr\u00eda pagado cerca de $50 millones para lograr su liberaci\u00f3n, aunque esto sigue bajo investigaci\u00f3n.<\/p>\n<p data-start=\"890\" data-end=\"1018\">El secuestro ocurri\u00f3 el pasado 21 de abril, cuando fue interceptado por varios veh\u00edculos mientras se desplazaba en su camioneta.<\/p>\n<p data-start=\"1020\" data-end=\"1167\">La investigaci\u00f3n apunta a una banda organizada que habr\u00eda estudiado previamente a la v\u00edctima, considerando su perfil como empresario y prestamista.<\/p>\n<p data-start=\"1169\" data-end=\"1284\">Hasta ahora hay cuatro detenidos: tres extranjeros y un chileno, en un operativo que cont\u00f3 con apoyo internacional.<\/p>\n<p data-start=\"1286\" data-end=\"1382\">Desde la PDI destacaron la colaboraci\u00f3n de la polic\u00eda colombiana, clave para avanzar en el caso.<\/p>\n<p data-start=\"1384\" data-end=\"1493\">En paralelo, el Gobierno asegur\u00f3 que seguir\u00e1 reforzando la persecuci\u00f3n del crimen organizado tras este hecho.<\/p>\n","protected":false},"excerpt":{"rendered":"<p>El empresario ferretero de 84 a\u00f1os secuestrado en San Miguel fue liberado con vida este mi\u00e9rcoles, tras m\u00e1s de una semana retenido por una banda organizada. La Fiscal\u00eda ECOH confirm\u00f3 que Jorge Vera apareci\u00f3 en la comuna de Colina, luego de intensas negociaciones lideradas por la PDI. Seg\u00fan los antecedentes, vecinos alertaron a Carabineros tras &hellip;<\/p>\n","protected":false},"author":1,"featured_media":53864,"comment_status":"open","ping_status":"open","sticky":false,"template":"","format":"standard","meta":{"footnotes":""},"categories":[26],"tags":[],"class_list":["post-53863","post","type-post","status-publish","format-standard","has-post-thumbnail","hentry","category-pais"],"_links":{"self":[{"href":"https:\/\/radionuble.cl\/v1\/wp-json\/wp\/v2\/posts\/53863","targetHints":{"allow":["GET"]}}],"collection":[{"href":"https:\/\/radionuble.cl\/v1\/wp-json\/wp\/v2\/posts"}],"about":[{"href":"https:\/\/radionuble.cl\/v1\/wp-json\/wp\/v2\/types\/post"}],"author":[{"embeddable":true,"href":"https:\/\/radionuble.cl\/v1\/wp-json\/wp\/v2\/users\/1"}],"replies":[{"embeddable":true,"href":"https:\/\/radionuble.cl\/v1\/wp-json\/wp\/v2\/comments?post=53863"}],"version-history":[{"count":1,"href":"https:\/\/radionuble.cl\/v1\/wp-json\/wp\/v2\/posts\/53863\/revisions"}],"predecessor-version":[{"id":53865,"href":"https:\/\/radionuble.cl\/v1\/wp-json\/wp\/v2\/posts\/53863\/revisions\/53865"}],"wp:featuredmedia":[{"embeddable":true,"href":"https:\/\/radionuble.cl\/v1\/wp-json\/wp\/v2\/media\/53864"}],"wp:attachment":[{"href":"https:\/\/radionuble.cl\/v1\/wp-json\/wp\/v2\/media?parent=53863"}],"wp:term":[{"taxonomy":"category","embeddable":true,"href":"https:\/\/radionuble.cl\/v1\/wp-json\/wp\/v2\/categories?post=53863"},{"taxonomy":"post_tag","embeddable":true,"href":"https:\/\/radionuble.cl\/v1\/wp-json\/wp\/v2\/tags?post=53863"}],"curies":[{"name":"wp","href":"https:\/\/api.w.org\/{rel}","templated":true}]}}