{"id":53866,"date":"2026-04-29T16:23:04","date_gmt":"2026-04-29T16:23:04","guid":{"rendered":"https:\/\/radionuble.cl\/v1\/?p=53866"},"modified":"2026-04-29T16:23:04","modified_gmt":"2026-04-29T16:23:04","slug":"ministro-garcia-ruminot-llega-a-nuble-y-fija-prioridades-en-empleo-y-seguridad","status":"publish","type":"post","link":"https:\/\/radionuble.cl\/v1\/2026\/04\/29\/ministro-garcia-ruminot-llega-a-nuble-y-fija-prioridades-en-empleo-y-seguridad\/","title":{"rendered":"Ministro Garc\u00eda Ruminot llega a \u00d1uble y fija prioridades en empleo y seguridad"},"content":{"rendered":"<p data-start=\"76\" data-end=\"244\">Autoridades regionales y el ministro Segpres, Jos\u00e9 Garc\u00eda Ruminot, encabezaron un gabinete en \u00d1uble para definir prioridades y destrabar iniciativas clave en la regi\u00f3n.<\/p>\n<p data-start=\"246\" data-end=\"426\">La reuni\u00f3n, liderada por el Delegado Presidencial Diego Sep\u00falveda, convoc\u00f3 a seremis y delegados provinciales para revisar el avance de proyectos y alinear el trabajo del Gobierno.<\/p>\n<p data-start=\"428\" data-end=\"591\">El impacto es directo: se busca acelerar respuestas en temas sensibles como empleo, vivienda, seguridad y reconstrucci\u00f3n, que afectan a miles de familias en \u00d1uble.<\/p>\n<p data-start=\"593\" data-end=\"728\">Durante la jornada se abordaron ejes clave como el Plan de Reconstrucci\u00f3n, la reactivaci\u00f3n econ\u00f3mica y la inversi\u00f3n en infraestructura.<\/p>\n<p data-start=\"730\" data-end=\"862\">En lo pr\u00e1ctico, la coordinaci\u00f3n apunta a mejorar la ejecuci\u00f3n de proyectos y reducir retrasos administrativos que afectan su avance.<\/p>\n<p data-start=\"864\" data-end=\"999\">Tambi\u00e9n se incluy\u00f3 la situaci\u00f3n de violencia en establecimientos educacionales, tema que preocupa a comunidades escolares en la regi\u00f3n.<\/p>\n<p data-start=\"1001\" data-end=\"1192\">El ministro Jos\u00e9 Garc\u00eda Ruminot se\u00f1al\u00f3 que <strong data-start=\"1044\" data-end=\"1144\">\u201chemos escuchado las preocupaciones de la regi\u00f3n y nos llevamos tareas concretas para responder\u201d<\/strong>, destacando el enfoque en desarrollo econ\u00f3mico.<\/p>\n<p data-start=\"1194\" data-end=\"1379\">Por su parte, el Delegado Sep\u00falveda afirm\u00f3 que <strong data-start=\"1241\" data-end=\"1322\">\u201cqueremos un Estado que act\u00fae de manera integrada y con foco en las regiones\u201d<\/strong>, reforzando la coordinaci\u00f3n entre nivel central y local.<\/p>\n<p data-start=\"1381\" data-end=\"1511\">La instancia permiti\u00f3 adem\u00e1s recoger inquietudes desde los servicios p\u00fablicos, lo que influir\u00e1 en futuras decisiones del Gobierno.<\/p>\n<p data-start=\"1513\" data-end=\"1626\">El objetivo es avanzar con mayor rapidez en proyectos que hoy est\u00e1n en ejecuci\u00f3n o en etapas clave de definici\u00f3n.<\/p>\n","protected":false},"excerpt":{"rendered":"<p>Autoridades regionales y el ministro Segpres, Jos\u00e9 Garc\u00eda Ruminot, encabezaron un gabinete en \u00d1uble para definir prioridades y destrabar iniciativas clave en la regi\u00f3n. La reuni\u00f3n, liderada por el Delegado Presidencial Diego Sep\u00falveda, convoc\u00f3 a seremis y delegados provinciales para revisar el avance de proyectos y alinear el trabajo del Gobierno. El impacto es directo: &hellip;<\/p>\n","protected":false},"author":1,"featured_media":53867,"comment_status":"open","ping_status":"open","sticky":false,"template":"","format":"standard","meta":{"footnotes":""},"categories":[24],"tags":[],"class_list":["post-53866","post","type-post","status-publish","format-standard","has-post-thumbnail","hentry","category-chillan"],"_links":{"self":[{"href":"https:\/\/radionuble.cl\/v1\/wp-json\/wp\/v2\/posts\/53866","targetHints":{"allow":["GET"]}}],"collection":[{"href":"https:\/\/radionuble.cl\/v1\/wp-json\/wp\/v2\/posts"}],"about":[{"href":"https:\/\/radionuble.cl\/v1\/wp-json\/wp\/v2\/types\/post"}],"author":[{"embeddable":true,"href":"https:\/\/radionuble.cl\/v1\/wp-json\/wp\/v2\/users\/1"}],"replies":[{"embeddable":true,"href":"https:\/\/radionuble.cl\/v1\/wp-json\/wp\/v2\/comments?post=53866"}],"version-history":[{"count":1,"href":"https:\/\/radionuble.cl\/v1\/wp-json\/wp\/v2\/posts\/53866\/revisions"}],"predecessor-version":[{"id":53868,"href":"https:\/\/radionuble.cl\/v1\/wp-json\/wp\/v2\/posts\/53866\/revisions\/53868"}],"wp:featuredmedia":[{"embeddable":true,"href":"https:\/\/radionuble.cl\/v1\/wp-json\/wp\/v2\/media\/53867"}],"wp:attachment":[{"href":"https:\/\/radionuble.cl\/v1\/wp-json\/wp\/v2\/media?parent=53866"}],"wp:term":[{"taxonomy":"category","embeddable":true,"href":"https:\/\/radionuble.cl\/v1\/wp-json\/wp\/v2\/categories?post=53866"},{"taxonomy":"post_tag","embeddable":true,"href":"https:\/\/radionuble.cl\/v1\/wp-json\/wp\/v2\/tags?post=53866"}],"curies":[{"name":"wp","href":"https:\/\/api.w.org\/{rel}","templated":true}]}}