{"id":53869,"date":"2026-04-29T16:24:09","date_gmt":"2026-04-29T16:24:09","guid":{"rendered":"https:\/\/radionuble.cl\/v1\/?p=53869"},"modified":"2026-04-29T16:24:09","modified_gmt":"2026-04-29T16:24:09","slug":"asi-sera-el-plan-de-carabineros-para-este-fin-de-semana-largo-en-nuble","status":"publish","type":"post","link":"https:\/\/radionuble.cl\/v1\/2026\/04\/29\/asi-sera-el-plan-de-carabineros-para-este-fin-de-semana-largo-en-nuble\/","title":{"rendered":"As\u00ed ser\u00e1 el plan de Carabineros para este fin de semana largo en \u00d1uble"},"content":{"rendered":"<p data-start=\"85\" data-end=\"239\">Carabineros de \u00d1uble activ\u00f3 el plan \u201cRuta Segura\u201d ante el aumento de viajes por el fin de semana largo, con controles reforzados en rutas y zonas urbanas.<\/p>\n<p data-start=\"241\" data-end=\"398\">El operativo comenzar\u00e1 este jueves y contempla un despliegue especial en carreteras concesionadas, caminos secundarios y puntos cr\u00edticos de alta circulaci\u00f3n.<\/p>\n<p data-start=\"544\" data-end=\"692\">En lo pr\u00e1ctico, habr\u00e1 fiscalizaciones din\u00e1micas y controles fijos para revisar documentos, condiciones de los veh\u00edculos y estado de los conductores.<\/p>\n<p data-start=\"694\" data-end=\"834\">Tambi\u00e9n se realizar\u00e1n controles en el Terminal de Buses de Chill\u00e1n y en rutas estrat\u00e9gicas para detectar transporte informal e infracciones.<\/p>\n<p data-start=\"836\" data-end=\"959\">Uno de los focos ser\u00e1 el control de drogas, con operativos del OS7 y apoyo de perros detectores en carreteras de la regi\u00f3n.<\/p>\n<p data-start=\"961\" data-end=\"1109\">Adem\u00e1s, se aplicar\u00e1n fiscalizaciones \u201cTolerancia Cero\u201d junto a Transportes, Salud y SENDA, para detectar consumo de alcohol y sustancias al volante.<\/p>\n<p data-start=\"1111\" data-end=\"1270\">El jefe de la SIAT \u00d1uble, capit\u00e1n Christian Caroca, advirti\u00f3 que <strong data-start=\"1176\" data-end=\"1269\">\u201cse intensificar\u00e1n los controles para prevenir accidentes y resguardar la seguridad vial\u201d<\/strong>.<\/p>\n<p data-start=\"1272\" data-end=\"1432\">Las autoridades recalcaron que la prevenci\u00f3n tambi\u00e9n depende de los conductores, llamando a no usar el celular, descansar antes de viajar y respetar las normas.<\/p>\n<p data-start=\"1434\" data-end=\"1559\">El aumento del flujo vehicular obliga a reforzar la coordinaci\u00f3n entre instituciones para enfrentar congesti\u00f3n y emergencias.<\/p>\n","protected":false},"excerpt":{"rendered":"<p>Carabineros de \u00d1uble activ\u00f3 el plan \u201cRuta Segura\u201d ante el aumento de viajes por el fin de semana largo, con controles reforzados en rutas y zonas urbanas. El operativo comenzar\u00e1 este jueves y contempla un despliegue especial en carreteras concesionadas, caminos secundarios y puntos cr\u00edticos de alta circulaci\u00f3n. En lo pr\u00e1ctico, habr\u00e1 fiscalizaciones din\u00e1micas y &hellip;<\/p>\n","protected":false},"author":1,"featured_media":53870,"comment_status":"open","ping_status":"open","sticky":false,"template":"","format":"standard","meta":{"footnotes":""},"categories":[25],"tags":[],"class_list":["post-53869","post","type-post","status-publish","format-standard","has-post-thumbnail","hentry","category-nuble"],"_links":{"self":[{"href":"https:\/\/radionuble.cl\/v1\/wp-json\/wp\/v2\/posts\/53869","targetHints":{"allow":["GET"]}}],"collection":[{"href":"https:\/\/radionuble.cl\/v1\/wp-json\/wp\/v2\/posts"}],"about":[{"href":"https:\/\/radionuble.cl\/v1\/wp-json\/wp\/v2\/types\/post"}],"author":[{"embeddable":true,"href":"https:\/\/radionuble.cl\/v1\/wp-json\/wp\/v2\/users\/1"}],"replies":[{"embeddable":true,"href":"https:\/\/radionuble.cl\/v1\/wp-json\/wp\/v2\/comments?post=53869"}],"version-history":[{"count":1,"href":"https:\/\/radionuble.cl\/v1\/wp-json\/wp\/v2\/posts\/53869\/revisions"}],"predecessor-version":[{"id":53871,"href":"https:\/\/radionuble.cl\/v1\/wp-json\/wp\/v2\/posts\/53869\/revisions\/53871"}],"wp:featuredmedia":[{"embeddable":true,"href":"https:\/\/radionuble.cl\/v1\/wp-json\/wp\/v2\/media\/53870"}],"wp:attachment":[{"href":"https:\/\/radionuble.cl\/v1\/wp-json\/wp\/v2\/media?parent=53869"}],"wp:term":[{"taxonomy":"category","embeddable":true,"href":"https:\/\/radionuble.cl\/v1\/wp-json\/wp\/v2\/categories?post=53869"},{"taxonomy":"post_tag","embeddable":true,"href":"https:\/\/radionuble.cl\/v1\/wp-json\/wp\/v2\/tags?post=53869"}],"curies":[{"name":"wp","href":"https:\/\/api.w.org\/{rel}","templated":true}]}}