{"id":53872,"date":"2026-04-29T16:24:53","date_gmt":"2026-04-29T16:24:53","guid":{"rendered":"https:\/\/radionuble.cl\/v1\/?p=53872"},"modified":"2026-04-29T16:24:53","modified_gmt":"2026-04-29T16:24:53","slug":"desempleo-en-chile-sube-a-89-y-golpea-mas-a-mujeres","status":"publish","type":"post","link":"https:\/\/radionuble.cl\/v1\/2026\/04\/29\/desempleo-en-chile-sube-a-89-y-golpea-mas-a-mujeres\/","title":{"rendered":"Desempleo en Chile sube a 8,9% y golpea m\u00e1s a mujeres"},"content":{"rendered":"<p data-start=\"59\" data-end=\"264\">La tasa de desempleo en <span class=\"hover:entity-accent entity-underline inline cursor-pointer align-baseline\"><span class=\"whitespace-normal\">Chile<\/span><\/span> lleg\u00f3 a 8,9% en el trimestre enero-marzo de 2026, marcando un alza reciente que refleja un mercado laboral m\u00e1s presionado en el inicio del a\u00f1o.<\/p>\n<p data-start=\"266\" data-end=\"437\">El dato, entregado por el <span class=\"hover:entity-accent entity-underline inline cursor-pointer align-baseline\"><span class=\"whitespace-normal\">Instituto Nacional de Estad\u00edsticas<\/span><\/span>, muestra un aumento frente al 8,3% del trimestre anterior y un leve incremento de 0,2 puntos en doce meses.<\/p>\n<p data-start=\"439\" data-end=\"637\">El efecto es directo: hay m\u00e1s personas buscando trabajo sin encontrarlo, en un contexto donde la fuerza laboral crece m\u00e1s r\u00e1pido que los empleos disponibles, generando mayor competencia por puestos.<\/p>\n<p data-start=\"639\" data-end=\"821\">En la pr\u00e1ctica, esto significa que encontrar trabajo puede tomar m\u00e1s tiempo, especialmente para quienes ingresan por primera vez al mercado laboral o quedaron cesantes recientemente.<\/p>\n<p data-start=\"823\" data-end=\"1020\">Las personas desocupadas aumentaron 3,3% en un a\u00f1o, impulsadas tanto por cesantes como por nuevos buscadores de empleo. En paralelo, la ocupaci\u00f3n creci\u00f3 solo 0,5%, evidenciando un avance m\u00e1s lento.<\/p>\n<p data-start=\"1022\" data-end=\"1194\">La situaci\u00f3n impacta con m\u00e1s fuerza a las mujeres, cuya tasa de desempleo lleg\u00f3 a 10,0%, subiendo 0,5 puntos en doce meses. En los hombres, el indicador se mantuvo en 8,1%.<\/p>\n<p data-start=\"1196\" data-end=\"1372\">Otro dato relevante es la informalidad, que alcanz\u00f3 26,5% y subi\u00f3 0,7 puntos en un a\u00f1o, mostrando que parte del empleo generado sigue siendo inestable o sin protecci\u00f3n laboral.<\/p>\n<p data-start=\"1374\" data-end=\"1573\">Por sectores, el crecimiento del empleo estuvo impulsado por salud, actividades profesionales, comercio e inmobiliarias, mientras aumentaron especialmente los trabajos informales y por cuenta propia.<\/p>\n<p data-start=\"1575\" data-end=\"1770\">En la <span class=\"hover:entity-accent entity-underline inline cursor-pointer align-baseline\"><span class=\"whitespace-normal\">Regi\u00f3n Metropolitana<\/span><\/span>, el escenario es m\u00e1s complejo: la desocupaci\u00f3n lleg\u00f3 a 9,6%, con ca\u00edda en el empleo ligada a rubros como telecomunicaciones, finanzas y sector p\u00fablico.<\/p>\n<p data-start=\"1772\" data-end=\"1953\">Chile enfrenta as\u00ed un inicio de a\u00f1o con m\u00e1s personas trabajando que antes, pero tambi\u00e9n con mayor desempleo e informalidad, en un mercado laboral que sigue mostrando se\u00f1ales mixtas.<\/p>\n","protected":false},"excerpt":{"rendered":"<p>La tasa de desempleo en Chile lleg\u00f3 a 8,9% en el trimestre enero-marzo de 2026, marcando un alza reciente que refleja un mercado laboral m\u00e1s presionado en el inicio del a\u00f1o. El dato, entregado por el Instituto Nacional de Estad\u00edsticas, muestra un aumento frente al 8,3% del trimestre anterior y un leve incremento de 0,2 &hellip;<\/p>\n","protected":false},"author":1,"featured_media":48534,"comment_status":"open","ping_status":"open","sticky":false,"template":"","format":"standard","meta":{"footnotes":""},"categories":[26],"tags":[],"class_list":["post-53872","post","type-post","status-publish","format-standard","has-post-thumbnail","hentry","category-pais"],"_links":{"self":[{"href":"https:\/\/radionuble.cl\/v1\/wp-json\/wp\/v2\/posts\/53872","targetHints":{"allow":["GET"]}}],"collection":[{"href":"https:\/\/radionuble.cl\/v1\/wp-json\/wp\/v2\/posts"}],"about":[{"href":"https:\/\/radionuble.cl\/v1\/wp-json\/wp\/v2\/types\/post"}],"author":[{"embeddable":true,"href":"https:\/\/radionuble.cl\/v1\/wp-json\/wp\/v2\/users\/1"}],"replies":[{"embeddable":true,"href":"https:\/\/radionuble.cl\/v1\/wp-json\/wp\/v2\/comments?post=53872"}],"version-history":[{"count":1,"href":"https:\/\/radionuble.cl\/v1\/wp-json\/wp\/v2\/posts\/53872\/revisions"}],"predecessor-version":[{"id":53873,"href":"https:\/\/radionuble.cl\/v1\/wp-json\/wp\/v2\/posts\/53872\/revisions\/53873"}],"wp:featuredmedia":[{"embeddable":true,"href":"https:\/\/radionuble.cl\/v1\/wp-json\/wp\/v2\/media\/48534"}],"wp:attachment":[{"href":"https:\/\/radionuble.cl\/v1\/wp-json\/wp\/v2\/media?parent=53872"}],"wp:term":[{"taxonomy":"category","embeddable":true,"href":"https:\/\/radionuble.cl\/v1\/wp-json\/wp\/v2\/categories?post=53872"},{"taxonomy":"post_tag","embeddable":true,"href":"https:\/\/radionuble.cl\/v1\/wp-json\/wp\/v2\/tags?post=53872"}],"curies":[{"name":"wp","href":"https:\/\/api.w.org\/{rel}","templated":true}]}}