{"id":53874,"date":"2026-04-29T16:25:44","date_gmt":"2026-04-29T16:25:44","guid":{"rendered":"https:\/\/radionuble.cl\/v1\/?p=53874"},"modified":"2026-04-29T16:25:44","modified_gmt":"2026-04-29T16:25:44","slug":"sube-pasaje-de-colectivos-en-chillan-desde-este-1-de-mayo","status":"publish","type":"post","link":"https:\/\/radionuble.cl\/v1\/2026\/04\/29\/sube-pasaje-de-colectivos-en-chillan-desde-este-1-de-mayo\/","title":{"rendered":"Sube pasaje de colectivos en Chill\u00e1n desde este 1 de mayo"},"content":{"rendered":"<p data-start=\"63\" data-end=\"284\">Desde este jueves 1 de mayo comenzar\u00e1 a regir un alza de $100 en el pasaje de algunas l\u00edneas de colectivos en <span class=\"hover:entity-accent entity-underline inline cursor-pointer align-baseline\"><span class=\"whitespace-normal\">Chill\u00e1n<\/span><\/span>, marcando un cambio inmediato para quienes usan este transporte a diario.<\/p>\n<p data-start=\"286\" data-end=\"494\">Las primeras en aplicar el aumento ser\u00e1n las l\u00edneas 17, 20, 22 y 36, seg\u00fan confirmaron autoridades del sector, en una decisi\u00f3n vinculada al encarecimiento sostenido de los combustibles en las \u00faltimas semanas.<\/p>\n<p data-start=\"496\" data-end=\"682\">El ajuste impacta directamente en el bolsillo de los usuarios, especialmente en trabajadores y estudiantes que dependen del transporte menor para sus desplazamientos dentro de la ciudad.<\/p>\n<p data-start=\"684\" data-end=\"882\">En lo concreto, el nuevo valor comenzar\u00e1 a cobrarse desde este 1 de mayo sin marcha blanca, por lo que quienes utilicen estas l\u00edneas deber\u00e1n considerar el alza en sus gastos diarios de movilizaci\u00f3n.<\/p>\n<p data-start=\"884\" data-end=\"1278\">Desde la Secretar\u00eda Regional Ministerial de Transportes, el seremi <span class=\"hover:entity-accent entity-underline inline cursor-pointer align-baseline\"><span class=\"whitespace-normal\">Omar Sandoval<\/span><\/span> explic\u00f3 que el alza responde a factores externos, como el aumento en el precio de los combustibles, influido por el conflicto internacional iniciado el 28 de febrero entre <span class=\"hover:entity-accent entity-underline inline cursor-pointer align-baseline\"><span class=\"whitespace-normal\">Estados Unidos<\/span><\/span>, <span class=\"hover:entity-accent entity-underline inline cursor-pointer align-baseline\"><span class=\"whitespace-normal\">Israel<\/span><\/span> e <span class=\"hover:entity-accent entity-underline inline cursor-pointer align-baseline\"><span class=\"whitespace-normal\">Ir\u00e1n<\/span><\/span>.<\/p>\n<p data-start=\"1280\" data-end=\"1507\">La autoridad agreg\u00f3 que el Gobierno implement\u00f3 apoyos econ\u00f3micos a trav\u00e9s del plan <span class=\"hover:entity-accent entity-underline inline cursor-pointer align-baseline\"><span class=\"whitespace-normal\">Chile Sale Adelante<\/span><\/span>, incluyendo un bono de $100.000 para operadores, con el objetivo de contener nuevas alzas en otras l\u00edneas.<\/p>\n<p data-start=\"1509\" data-end=\"1693\">Adem\u00e1s, record\u00f3 que la normativa permite a los operadores del transporte menor ajustar tarifas con 30 d\u00edas de anticipaci\u00f3n, lo que en este caso se cumpli\u00f3 para concretar el incremento.<\/p>\n<p data-start=\"1695\" data-end=\"1880\">Pese a este aumento, el transporte mayor mantiene tarifas congeladas hasta fin de a\u00f1o gracias a subsidios estatales, buscando evitar un impacto mayor en el costo de movilizaci\u00f3n urbana.<\/p>\n","protected":false},"excerpt":{"rendered":"<p>Desde este jueves 1 de mayo comenzar\u00e1 a regir un alza de $100 en el pasaje de algunas l\u00edneas de colectivos en Chill\u00e1n, marcando un cambio inmediato para quienes usan este transporte a diario. Las primeras en aplicar el aumento ser\u00e1n las l\u00edneas 17, 20, 22 y 36, seg\u00fan confirmaron autoridades del sector, en una &hellip;<\/p>\n","protected":false},"author":1,"featured_media":53620,"comment_status":"open","ping_status":"open","sticky":false,"template":"","format":"standard","meta":{"footnotes":""},"categories":[24],"tags":[],"class_list":["post-53874","post","type-post","status-publish","format-standard","has-post-thumbnail","hentry","category-chillan"],"_links":{"self":[{"href":"https:\/\/radionuble.cl\/v1\/wp-json\/wp\/v2\/posts\/53874","targetHints":{"allow":["GET"]}}],"collection":[{"href":"https:\/\/radionuble.cl\/v1\/wp-json\/wp\/v2\/posts"}],"about":[{"href":"https:\/\/radionuble.cl\/v1\/wp-json\/wp\/v2\/types\/post"}],"author":[{"embeddable":true,"href":"https:\/\/radionuble.cl\/v1\/wp-json\/wp\/v2\/users\/1"}],"replies":[{"embeddable":true,"href":"https:\/\/radionuble.cl\/v1\/wp-json\/wp\/v2\/comments?post=53874"}],"version-history":[{"count":1,"href":"https:\/\/radionuble.cl\/v1\/wp-json\/wp\/v2\/posts\/53874\/revisions"}],"predecessor-version":[{"id":53875,"href":"https:\/\/radionuble.cl\/v1\/wp-json\/wp\/v2\/posts\/53874\/revisions\/53875"}],"wp:featuredmedia":[{"embeddable":true,"href":"https:\/\/radionuble.cl\/v1\/wp-json\/wp\/v2\/media\/53620"}],"wp:attachment":[{"href":"https:\/\/radionuble.cl\/v1\/wp-json\/wp\/v2\/media?parent=53874"}],"wp:term":[{"taxonomy":"category","embeddable":true,"href":"https:\/\/radionuble.cl\/v1\/wp-json\/wp\/v2\/categories?post=53874"},{"taxonomy":"post_tag","embeddable":true,"href":"https:\/\/radionuble.cl\/v1\/wp-json\/wp\/v2\/tags?post=53874"}],"curies":[{"name":"wp","href":"https:\/\/api.w.org\/{rel}","templated":true}]}}