{"id":53876,"date":"2026-04-29T16:27:03","date_gmt":"2026-04-29T16:27:03","guid":{"rendered":"https:\/\/radionuble.cl\/v1\/?p=53876"},"modified":"2026-04-29T16:27:03","modified_gmt":"2026-04-29T16:27:03","slug":"golpiza-disparos-y-droga-cae-banda-tras-violento-robo-en-nuble","status":"publish","type":"post","link":"https:\/\/radionuble.cl\/v1\/2026\/04\/29\/golpiza-disparos-y-droga-cae-banda-tras-violento-robo-en-nuble\/","title":{"rendered":"Golpiza, disparos y droga: cae banda tras violento robo en \u00d1uble"},"content":{"rendered":"<p data-start=\"65\" data-end=\"267\">Un violento robo en <span class=\"hover:entity-accent entity-underline inline cursor-pointer align-baseline\"><span class=\"whitespace-normal\">San Carlos<\/span><\/span> deriv\u00f3 en un operativo que termin\u00f3 con tres imputados en prisi\u00f3n preventiva, adem\u00e1s de la incautaci\u00f3n de droga, armas y artefactos incendiarios.<\/p>\n<p data-start=\"269\" data-end=\"495\">El caso fue liderado por el fiscal <span class=\"hover:entity-accent entity-underline inline cursor-pointer align-baseline\"><span class=\"whitespace-normal\">Pablo Fritz Hoces<\/span><\/span>, quien formaliz\u00f3 a Rodrigo Caro Riquelme por robo con violencia calificado, uso de tarjeta bancaria, tenencia de arma de fuego y disparos injustificados.<\/p>\n<p data-start=\"497\" data-end=\"739\">El hecho ocurri\u00f3 el 13 de febrero, cerca de las 13:30 horas, cuando la v\u00edctima fue interceptada en la v\u00eda p\u00fablica y amenazada con un machete, siendo obligada a trasladarse a una vivienda donde fue golpeada por el imputado y un segundo sujeto.<\/p>\n<p data-start=\"741\" data-end=\"996\">La agresi\u00f3n tuvo consecuencias directas: los atacantes obligaron a la v\u00edctima a entregar sus claves bancarias, logrando retirar $350 mil, adem\u00e1s de sustraer su tel\u00e9fono celular. Durante el ataque, realizaron disparos dentro del domicilio para intimidarlo.<\/p>\n<p data-start=\"998\" data-end=\"1177\">La v\u00edctima logr\u00f3 escapar herida, lo que permiti\u00f3 activar la investigaci\u00f3n de la <span class=\"hover:entity-accent entity-underline inline cursor-pointer align-baseline\"><span class=\"whitespace-normal\">Polic\u00eda de Investigaciones de Chile<\/span><\/span>, espec\u00edficamente de la Brigada Investigadora de Robos (BIRO).<\/p>\n<p data-start=\"1179\" data-end=\"1376\">Tras diligencias de entrada y registro en el domicilio del principal imputado, detectives detuvieron a otros dos sujetos con \u00f3rdenes pendientes: Benjam\u00edn Espinoza L\u00f3pez y Marcos Mendoza Villalobos.<\/p>\n<p data-start=\"1378\" data-end=\"1599\">En el lugar se incautaron artefactos incendiarios, droga, un chaleco antibalas, un chaleco institucional de la PDI, un arma de aire comprimido, munici\u00f3n de escopeta y pistola, adem\u00e1s de herramientas para forzar veh\u00edculos.<\/p>\n<p data-start=\"1601\" data-end=\"1758\">Los tres imputados quedaron en prisi\u00f3n preventiva por orden del <span class=\"hover:entity-accent entity-underline inline cursor-pointer align-baseline\"><span class=\"whitespace-normal\">Juzgado de Garant\u00eda de San Carlos<\/span><\/span>, que fij\u00f3 un plazo de tres meses para la investigaci\u00f3n.<\/p>\n<p data-start=\"1760\" data-end=\"1985\">Desde la PDI, el subprefecto <span class=\"hover:entity-accent entity-underline inline cursor-pointer align-baseline\"><span class=\"whitespace-normal\">Rodrigo Briones Ramos<\/span><\/span> explic\u00f3 que el procedimiento fue parte de la operaci\u00f3n \u201cCronos\u201d, que incluy\u00f3 an\u00e1lisis criminal, levantamiento de evidencia y trabajo de inteligencia policial.<\/p>\n<p data-start=\"1987\" data-end=\"2170\">El caso deja en evidencia un nivel de violencia y organizaci\u00f3n que preocupa en la zona, con delitos que combinan robo, uso de armas y otros elementos asociados a actividades il\u00edcitas.<\/p>\n","protected":false},"excerpt":{"rendered":"<p>Un violento robo en San Carlos deriv\u00f3 en un operativo que termin\u00f3 con tres imputados en prisi\u00f3n preventiva, adem\u00e1s de la incautaci\u00f3n de droga, armas y artefactos incendiarios. El caso fue liderado por el fiscal Pablo Fritz Hoces, quien formaliz\u00f3 a Rodrigo Caro Riquelme por robo con violencia calificado, uso de tarjeta bancaria, tenencia de &hellip;<\/p>\n","protected":false},"author":1,"featured_media":53697,"comment_status":"open","ping_status":"open","sticky":false,"template":"","format":"standard","meta":{"footnotes":""},"categories":[25],"tags":[],"class_list":["post-53876","post","type-post","status-publish","format-standard","has-post-thumbnail","hentry","category-nuble"],"_links":{"self":[{"href":"https:\/\/radionuble.cl\/v1\/wp-json\/wp\/v2\/posts\/53876","targetHints":{"allow":["GET"]}}],"collection":[{"href":"https:\/\/radionuble.cl\/v1\/wp-json\/wp\/v2\/posts"}],"about":[{"href":"https:\/\/radionuble.cl\/v1\/wp-json\/wp\/v2\/types\/post"}],"author":[{"embeddable":true,"href":"https:\/\/radionuble.cl\/v1\/wp-json\/wp\/v2\/users\/1"}],"replies":[{"embeddable":true,"href":"https:\/\/radionuble.cl\/v1\/wp-json\/wp\/v2\/comments?post=53876"}],"version-history":[{"count":1,"href":"https:\/\/radionuble.cl\/v1\/wp-json\/wp\/v2\/posts\/53876\/revisions"}],"predecessor-version":[{"id":53877,"href":"https:\/\/radionuble.cl\/v1\/wp-json\/wp\/v2\/posts\/53876\/revisions\/53877"}],"wp:featuredmedia":[{"embeddable":true,"href":"https:\/\/radionuble.cl\/v1\/wp-json\/wp\/v2\/media\/53697"}],"wp:attachment":[{"href":"https:\/\/radionuble.cl\/v1\/wp-json\/wp\/v2\/media?parent=53876"}],"wp:term":[{"taxonomy":"category","embeddable":true,"href":"https:\/\/radionuble.cl\/v1\/wp-json\/wp\/v2\/categories?post=53876"},{"taxonomy":"post_tag","embeddable":true,"href":"https:\/\/radionuble.cl\/v1\/wp-json\/wp\/v2\/tags?post=53876"}],"curies":[{"name":"wp","href":"https:\/\/api.w.org\/{rel}","templated":true}]}}