{"id":53881,"date":"2026-04-30T12:58:50","date_gmt":"2026-04-30T12:58:50","guid":{"rendered":"https:\/\/radionuble.cl\/v1\/?p=53881"},"modified":"2026-04-30T12:58:50","modified_gmt":"2026-04-30T12:58:50","slug":"maria-eugenia-vaccaro-recibe-premio-nacional-en-aniversario-de-radio-nuble","status":"publish","type":"post","link":"https:\/\/radionuble.cl\/v1\/2026\/04\/30\/maria-eugenia-vaccaro-recibe-premio-nacional-en-aniversario-de-radio-nuble\/","title":{"rendered":"Mar\u00eda Eugenia Vaccaro recibe premio nacional en aniversario de Radio \u00d1uble"},"content":{"rendered":"<p data-start=\"57\" data-end=\"207\">Un reconocimiento nacional marca un a\u00f1o especial para la radio en <span class=\"hover:entity-accent entity-underline inline cursor-pointer align-baseline\"><span class=\"whitespace-normal\">Chill\u00e1n<\/span><\/span>, donde Radio \u00d1uble cumple 90 a\u00f1os de historia.<\/p>\n<p data-start=\"209\" data-end=\"388\">El <span class=\"hover:entity-accent entity-underline inline cursor-pointer align-baseline\"><span class=\"whitespace-normal\">Asociaci\u00f3n de Radiodifusores de Chile<\/span><\/span> otorg\u00f3 el Premio a la Trayectoria Radial a <span class=\"hover:entity-accent entity-underline inline cursor-pointer align-baseline\"><span class=\"whitespace-normal\">Mar\u00eda Eugenia Vaccaro Collao<\/span><\/span>, destacando su aporte al desarrollo de la radio regional.<\/p>\n<p data-start=\"390\" data-end=\"581\">El reconocimiento tiene un impacto directo en la identidad local, ya que pone en valor a una emisora que ha acompa\u00f1ado por d\u00e9cadas a la comunidad de \u00d1uble con informaci\u00f3n, cultura y cercan\u00eda.<\/p>\n<p data-start=\"583\" data-end=\"739\">La distinci\u00f3n se entregar\u00e1 el pr\u00f3ximo 10 de junio, en el marco de la Asamblea Nacional de ARCHI, donde tambi\u00e9n se premiar\u00e1 a otras figuras del mundo radial.<\/p>\n<p data-start=\"741\" data-end=\"910\">Vaccaro reaccion\u00f3 con sorpresa al anuncio, se\u00f1alando que este premio tiene un significado especial, ya que su familia ha estado hist\u00f3ricamente ligada a la radiodifusi\u00f3n.<\/p>\n<p data-start=\"912\" data-end=\"1086\">Radio \u00d1uble, bajo su direcci\u00f3n, ha mantenido vigente un legado iniciado a mediados del siglo XX, consolid\u00e1ndose como un actor clave en la vida social y cultural de la regi\u00f3n.<\/p>\n<p data-start=\"1088\" data-end=\"1222\">El reconocimiento llega en un momento simb\u00f3lico, coincidiendo con los 90 a\u00f1os de la emisora, una de las m\u00e1s antiguas del sur del pa\u00eds.<\/p>\n<p data-start=\"1224\" data-end=\"1389\">En paralelo, ARCHI tambi\u00e9n distinguir\u00e1 como Personajes Radiales a <span class=\"hover:entity-accent entity-underline inline cursor-pointer align-baseline\"><span class=\"whitespace-normal\">Christian Gordon<\/span><\/span> y <span class=\"hover:entity-accent entity-underline inline cursor-pointer align-baseline\"><span class=\"whitespace-normal\">Ver\u00f3nica Franco<\/span><\/span> por sus trayectorias.<\/p>\n<p data-start=\"1391\" data-end=\"1529\">El premio refuerza el rol de la radio regional en el pa\u00eds, destacando su vigencia en tiempos de cambios tecnol\u00f3gicos y nuevas plataformas.<\/p>\n<p data-start=\"1531\" data-end=\"1658\">As\u00ed, Chill\u00e1n celebra un doble hito: nueve d\u00e9cadas de Radio \u00d1uble y el reconocimiento nacional a una de sus principales figuras.<\/p>\n","protected":false},"excerpt":{"rendered":"<p>Un reconocimiento nacional marca un a\u00f1o especial para la radio en Chill\u00e1n, donde Radio \u00d1uble cumple 90 a\u00f1os de historia. El Asociaci\u00f3n de Radiodifusores de Chile otorg\u00f3 el Premio a la Trayectoria Radial a Mar\u00eda Eugenia Vaccaro Collao, destacando su aporte al desarrollo de la radio regional. El reconocimiento tiene un impacto directo en la &hellip;<\/p>\n","protected":false},"author":1,"featured_media":53882,"comment_status":"open","ping_status":"open","sticky":false,"template":"","format":"standard","meta":{"footnotes":""},"categories":[24],"tags":[1954,1955,30,1929,37,1956,1922,1957],"class_list":["post-53881","post","type-post","status-publish","format-standard","has-post-thumbnail","hentry","category-chillan","tag-aniversario90","tag-archi","tag-chillan","tag-maria-eugenia-vaccaro","tag-nuble","tag-radio","tag-radio-nuble","tag-trayectoria-radial"],"_links":{"self":[{"href":"https:\/\/radionuble.cl\/v1\/wp-json\/wp\/v2\/posts\/53881","targetHints":{"allow":["GET"]}}],"collection":[{"href":"https:\/\/radionuble.cl\/v1\/wp-json\/wp\/v2\/posts"}],"about":[{"href":"https:\/\/radionuble.cl\/v1\/wp-json\/wp\/v2\/types\/post"}],"author":[{"embeddable":true,"href":"https:\/\/radionuble.cl\/v1\/wp-json\/wp\/v2\/users\/1"}],"replies":[{"embeddable":true,"href":"https:\/\/radionuble.cl\/v1\/wp-json\/wp\/v2\/comments?post=53881"}],"version-history":[{"count":1,"href":"https:\/\/radionuble.cl\/v1\/wp-json\/wp\/v2\/posts\/53881\/revisions"}],"predecessor-version":[{"id":53883,"href":"https:\/\/radionuble.cl\/v1\/wp-json\/wp\/v2\/posts\/53881\/revisions\/53883"}],"wp:featuredmedia":[{"embeddable":true,"href":"https:\/\/radionuble.cl\/v1\/wp-json\/wp\/v2\/media\/53882"}],"wp:attachment":[{"href":"https:\/\/radionuble.cl\/v1\/wp-json\/wp\/v2\/media?parent=53881"}],"wp:term":[{"taxonomy":"category","embeddable":true,"href":"https:\/\/radionuble.cl\/v1\/wp-json\/wp\/v2\/categories?post=53881"},{"taxonomy":"post_tag","embeddable":true,"href":"https:\/\/radionuble.cl\/v1\/wp-json\/wp\/v2\/tags?post=53881"}],"curies":[{"name":"wp","href":"https:\/\/api.w.org\/{rel}","templated":true}]}}