{"id":53884,"date":"2026-04-30T13:06:44","date_gmt":"2026-04-30T13:06:44","guid":{"rendered":"https:\/\/radionuble.cl\/v1\/?p=53884"},"modified":"2026-04-30T13:06:44","modified_gmt":"2026-04-30T13:06:44","slug":"identifican-a-conductor-fallecido-tras-volcamiento-en-pemuco","status":"publish","type":"post","link":"https:\/\/radionuble.cl\/v1\/2026\/04\/30\/identifican-a-conductor-fallecido-tras-volcamiento-en-pemuco\/","title":{"rendered":"Identifican a conductor fallecido tras volcamiento en Pemuco"},"content":{"rendered":"<p data-start=\"66\" data-end=\"268\">Un accidente de tr\u00e1nsito ocurrido la tarde del jueves en <span class=\"hover:entity-accent entity-underline inline cursor-pointer align-baseline\"><span class=\"whitespace-normal\">Pemuco<\/span><\/span> dej\u00f3 como v\u00edctima fatal a un conductor de cami\u00f3n, cuyo nombre fue confirmado horas despu\u00e9s por la Fiscal\u00eda.<\/p>\n<p data-start=\"270\" data-end=\"401\">Se trata de <span class=\"hover:entity-accent entity-underline inline cursor-pointer align-baseline\"><span class=\"whitespace-normal\">Dar\u00edo C\u00e1ceres Cerpa<\/span><\/span>, de 37 a\u00f1os, quien falleci\u00f3 tras volcar el veh\u00edculo que conduc\u00eda en la Ruta N-59.<\/p>\n<p data-start=\"403\" data-end=\"549\">El hecho se registr\u00f3 cerca de las 19:30 horas en la conocida curva Pal Pal, un punto donde ya se han reportado otros incidentes viales en la zona.<\/p>\n<p data-start=\"551\" data-end=\"735\">La fiscal subrogante <span class=\"hover:entity-accent entity-underline inline cursor-pointer align-baseline\"><span class=\"whitespace-normal\">Anita Hermosilla Rodr\u00edguez<\/span><\/span> inform\u00f3 que, seg\u00fan el informe de la <span class=\"hover:entity-accent entity-underline inline cursor-pointer align-baseline\"><span class=\"whitespace-normal\">SIAT de Carabineros<\/span><\/span>, la causa del accidente fue el exceso de velocidad.<\/p>\n<p data-start=\"898\" data-end=\"1051\">Desde el equipo m\u00e9dico se indic\u00f3 que el acompa\u00f1ante se encuentra fuera de riesgo vital, aunque permanece bajo observaci\u00f3n por la gravedad de sus heridas.<\/p>\n<p data-start=\"1053\" data-end=\"1220\">El cuerpo de la v\u00edctima fue derivado al <span class=\"hover:entity-accent entity-underline inline cursor-pointer align-baseline\"><span class=\"whitespace-normal\">Servicio M\u00e9dico Legal<\/span><\/span> en <span class=\"hover:entity-accent entity-underline inline cursor-pointer align-baseline\"><span class=\"whitespace-normal\">Chill\u00e1n<\/span><\/span>, donde se realizar\u00e1 la autopsia correspondiente.<\/p>\n<p data-start=\"1222\" data-end=\"1359\">Las autoridades reiteraron el llamado a respetar los l\u00edmites de velocidad, especialmente en rutas rurales y zonas de curvas pronunciadas.<\/p>\n","protected":false},"excerpt":{"rendered":"<p>Un accidente de tr\u00e1nsito ocurrido la tarde del jueves en Pemuco dej\u00f3 como v\u00edctima fatal a un conductor de cami\u00f3n, cuyo nombre fue confirmado horas despu\u00e9s por la Fiscal\u00eda. Se trata de Dar\u00edo C\u00e1ceres Cerpa, de 37 a\u00f1os, quien falleci\u00f3 tras volcar el veh\u00edculo que conduc\u00eda en la Ruta N-59. El hecho se registr\u00f3 cerca &hellip;<\/p>\n","protected":false},"author":1,"featured_media":53885,"comment_status":"open","ping_status":"open","sticky":false,"template":"","format":"standard","meta":{"footnotes":""},"categories":[25],"tags":[],"class_list":["post-53884","post","type-post","status-publish","format-standard","has-post-thumbnail","hentry","category-nuble"],"_links":{"self":[{"href":"https:\/\/radionuble.cl\/v1\/wp-json\/wp\/v2\/posts\/53884","targetHints":{"allow":["GET"]}}],"collection":[{"href":"https:\/\/radionuble.cl\/v1\/wp-json\/wp\/v2\/posts"}],"about":[{"href":"https:\/\/radionuble.cl\/v1\/wp-json\/wp\/v2\/types\/post"}],"author":[{"embeddable":true,"href":"https:\/\/radionuble.cl\/v1\/wp-json\/wp\/v2\/users\/1"}],"replies":[{"embeddable":true,"href":"https:\/\/radionuble.cl\/v1\/wp-json\/wp\/v2\/comments?post=53884"}],"version-history":[{"count":1,"href":"https:\/\/radionuble.cl\/v1\/wp-json\/wp\/v2\/posts\/53884\/revisions"}],"predecessor-version":[{"id":53886,"href":"https:\/\/radionuble.cl\/v1\/wp-json\/wp\/v2\/posts\/53884\/revisions\/53886"}],"wp:featuredmedia":[{"embeddable":true,"href":"https:\/\/radionuble.cl\/v1\/wp-json\/wp\/v2\/media\/53885"}],"wp:attachment":[{"href":"https:\/\/radionuble.cl\/v1\/wp-json\/wp\/v2\/media?parent=53884"}],"wp:term":[{"taxonomy":"category","embeddable":true,"href":"https:\/\/radionuble.cl\/v1\/wp-json\/wp\/v2\/categories?post=53884"},{"taxonomy":"post_tag","embeddable":true,"href":"https:\/\/radionuble.cl\/v1\/wp-json\/wp\/v2\/tags?post=53884"}],"curies":[{"name":"wp","href":"https:\/\/api.w.org\/{rel}","templated":true}]}}