{"id":55604,"date":"2026-08-31T00:28:24","date_gmt":"2026-08-31T00:28:24","guid":{"rendered":"https:\/\/radionuble.cl\/v1\/?p=55604"},"modified":"2026-08-31T00:28:24","modified_gmt":"2026-08-31T00:28:24","slug":"nuble-250-instala-sistema-de-reportabilidad-para-seguir-174-iniciativas-y-anticipar-nudos-criticos","status":"publish","type":"post","link":"https:\/\/radionuble.cl\/v1\/2026\/08\/31\/nuble-250-instala-sistema-de-reportabilidad-para-seguir-174-iniciativas-y-anticipar-nudos-criticos\/","title":{"rendered":"\u00d1uble 250 instala sistema de reportabilidad para seguir 174 iniciativas y anticipar nudos cr\u00edticos"},"content":{"rendered":"<p style=\"font-weight: 400;\">Para optimizar la gesti\u00f3n de la cartera regional de proyectos, el Departamento \u00d1uble 250 del Gobierno Regional implement\u00f3 un sistema de reportabilidad para monitorear <strong>174 iniciativas<\/strong>.<\/p>\n<p style=\"font-weight: 400;\">\n<p style=\"font-weight: 400;\">La herramienta fue presentada en el Tercer Cabildo Ciudadano, donde se inform\u00f3 que <strong>24 proyectos ya est\u00e1n terminados<\/strong>.<br \/>\nEl gobernador regional, \u00d3scar Cris\u00f3stomo, destac\u00f3 que el sistema consolida la informaci\u00f3n en un panel con actualizaciones cada 15 d\u00edas para ordenar la inversi\u00f3n p\u00fablica y privada.<br \/>\n<strong>Funcionamiento del sistema<br \/>\n<\/strong>Seg\u00fan explic\u00f3 Jorge Navarrete, responsable del desarrollo de la herramienta, el modelo \u00f3pera como una cascada progresiva mediante un sistema de sem\u00e1foro:<br \/>\n<strong>Fase digital (D\u00edas 1 al 30):<\/strong> El ciclo inicia en el Cabildo T\u00e9cnico. Entre los d\u00edas 5 y 7 se env\u00eda un formulario digital. Si no hay respuesta al d\u00eda 14, se inicia una segunda etapa el d\u00eda 15 con un nuevo aviso y el apoyo de planillas Excel.<br \/>\n<strong>Fase directa (D\u00edas 31 al 60):<\/strong> Si persiste la falta de respuesta, entre los d\u00edas 31 y 45 se realiza contacto telef\u00f3nico para levantar un reporte oral. Entre los d\u00edas 46 y 60, se coordina una reuni\u00f3n o visita presencial.<br \/>\n<strong>\ud83d\udea5<\/strong><strong> Significado del sem\u00e1foro visual<br \/>\n<\/strong>Los antecedentes se integran en un panel de control centralizado que focaliza la atenci\u00f3n donde faltan datos (no eval\u00faa la calidad ni el avance f\u00edsico):<br \/>\n<em>\ud83d\udfe2<\/em><em> Verde:<\/em> Reporte recibido.<br \/>\n<em>\ud83d\udfe1<\/em><em> Amarillo:<\/em> Seguimiento activo (reporte incompleto o no entregado).<br \/>\n<em>\ud83d\udd34<\/em><em> Rojo:<\/em> Falta de respuesta tras agotar la gesti\u00f3n presencial.<br \/>\nEl alcalde de El Carmen y presidente de la Asociaci\u00f3n de Municipalidades Laja Diguill\u00edn, Ren\u00e1n Cabezas, valor\u00f3 la iniciativa y subray\u00f3 que la circulaci\u00f3n oportuna de la informaci\u00f3n es clave para que la coordinaci\u00f3n regional produzca resultados.<\/p>\n","protected":false},"excerpt":{"rendered":"<p>Para optimizar la gesti\u00f3n de la cartera regional de proyectos, el Departamento \u00d1uble 250 del Gobierno Regional implement\u00f3 un sistema de reportabilidad para monitorear 174 iniciativas. La herramienta fue presentada en el Tercer Cabildo Ciudadano, donde se inform\u00f3 que 24 proyectos ya est\u00e1n terminados. El gobernador regional, \u00d3scar Cris\u00f3stomo, destac\u00f3 que el sistema consolida la &hellip;<\/p>\n","protected":false},"author":2,"featured_media":55605,"comment_status":"open","ping_status":"open","sticky":false,"template":"","format":"standard","meta":{"footnotes":""},"categories":[33,25,188],"tags":[],"class_list":["post-55604","post","type-post","status-publish","format-standard","has-post-thumbnail","hentry","category-noticias","category-nuble","category-portada"],"_links":{"self":[{"href":"https:\/\/radionuble.cl\/v1\/wp-json\/wp\/v2\/posts\/55604","targetHints":{"allow":["GET"]}}],"collection":[{"href":"https:\/\/radionuble.cl\/v1\/wp-json\/wp\/v2\/posts"}],"about":[{"href":"https:\/\/radionuble.cl\/v1\/wp-json\/wp\/v2\/types\/post"}],"author":[{"embeddable":true,"href":"https:\/\/radionuble.cl\/v1\/wp-json\/wp\/v2\/users\/2"}],"replies":[{"embeddable":true,"href":"https:\/\/radionuble.cl\/v1\/wp-json\/wp\/v2\/comments?post=55604"}],"version-history":[{"count":1,"href":"https:\/\/radionuble.cl\/v1\/wp-json\/wp\/v2\/posts\/55604\/revisions"}],"predecessor-version":[{"id":55606,"href":"https:\/\/radionuble.cl\/v1\/wp-json\/wp\/v2\/posts\/55604\/revisions\/55606"}],"wp:featuredmedia":[{"embeddable":true,"href":"https:\/\/radionuble.cl\/v1\/wp-json\/wp\/v2\/media\/55605"}],"wp:attachment":[{"href":"https:\/\/radionuble.cl\/v1\/wp-json\/wp\/v2\/media?parent=55604"}],"wp:term":[{"taxonomy":"category","embeddable":true,"href":"https:\/\/radionuble.cl\/v1\/wp-json\/wp\/v2\/categories?post=55604"},{"taxonomy":"post_tag","embeddable":true,"href":"https:\/\/radionuble.cl\/v1\/wp-json\/wp\/v2\/tags?post=55604"}],"curies":[{"name":"wp","href":"https:\/\/api.w.org\/{rel}","templated":true}]}}