{"id":55610,"date":"2026-08-31T20:06:59","date_gmt":"2026-08-31T20:06:59","guid":{"rendered":"https:\/\/radionuble.cl\/v1\/?p=55610"},"modified":"2026-08-31T20:06:59","modified_gmt":"2026-08-31T20:06:59","slug":"alerta-en-nuble-gobierno-intensifica-despliegue-en-yungay-tras-paso-de-tornado","status":"publish","type":"post","link":"https:\/\/radionuble.cl\/v1\/2026\/08\/31\/alerta-en-nuble-gobierno-intensifica-despliegue-en-yungay-tras-paso-de-tornado\/","title":{"rendered":"Alerta en \u00d1uble: Gobierno intensifica despliegue en Yungay tras paso de tornado."},"content":{"rendered":"<p style=\"font-weight: 400;\">Un intenso despliegue gubernamental y municipal se mantiene activo en la comuna de <strong>Yungay<\/strong>, Regi\u00f3n de \u00d1uble, luego de las graves afectaciones materiales provocadas por un \u00a0sistema frontal que incluy\u00f3 <strong>r\u00e1fagas de viento con caracter\u00edsticas torn\u00e1dicas<\/strong>.<\/p>\n<p style=\"font-weight: 400;\">\n<p style=\"font-weight: 400;\">De acuerdo con el \u00faltimo reporte oficial consolidado por las autoridades en terreno, el catastro arroja un saldo provisional de <strong>cuatro viviendas completamente destruidas<\/strong>. Paralelamente, el Servicio Nacional de Prevenci\u00f3n y Respuesta ante Desastres (SENAPRED) mantiene bajo evaluaci\u00f3n decenas de inmuebles que presentan desprendimientos de techumbres, da\u00f1os estructurales severos y voladuras causadas por los fuertes vientos, concentr\u00e1ndose la mayor afectaci\u00f3n en sectores como <strong>Campanario, Cholgu\u00e1n y San Miguel de Itata<\/strong>.<br \/>\n<strong>Coordinaci\u00f3n en la zona cero.<br \/>\n<\/strong>Para hacer frente a la contingencia, el seremi de Desarrollo Social y Familia, Alan Ib\u00e1\u00f1ez, junto al delegado presidencial regional, Diego Sep\u00falveda, sostuvieron una reuni\u00f3n t\u00e9cnica de emergencia con los equipos municipales. El objetivo central del encuentro fue evaluar los requerimientos inmediatos de la comunidad y acelerar la tramitaci\u00f3n de las herramientas de asistencia estatal.<br \/>\nDurante la jornada, las autoridades revisaron en detalle el avance de las <strong>29 Fichas B\u00e1sicas de Emergencia (FIBE)<\/strong> aplicadas hasta el momento en la comuna. Este instrumento legal es indispensable para medir formalmente el nivel de da\u00f1o de cada grupo familiar y canalizar las ayudas socioecon\u00f3micas correspondientes de manera \u00e1gil.<br \/>\n<strong>Viviendas de emergencia y ayuda temprana<br \/>\n<\/strong>Frente al escenario de habitabilidad de los damnificados, el seremi Alan Ib\u00e1\u00f1ez confirm\u00f3 que ya se inici\u00f3 formalmente el proceso log\u00edstico para la <strong>instalaci\u00f3n de viviendas de emergencia<\/strong>, priorizando a los hogares que registran la p\u00e9rdida total de su infraestructura.<\/p>\n","protected":false},"excerpt":{"rendered":"<p>Un intenso despliegue gubernamental y municipal se mantiene activo en la comuna de Yungay, Regi\u00f3n de \u00d1uble, luego de las graves afectaciones materiales provocadas por un \u00a0sistema frontal que incluy\u00f3 r\u00e1fagas de viento con caracter\u00edsticas torn\u00e1dicas. De acuerdo con el \u00faltimo reporte oficial consolidado por las autoridades en terreno, el catastro arroja un saldo provisional &hellip;<\/p>\n","protected":false},"author":2,"featured_media":55611,"comment_status":"open","ping_status":"open","sticky":false,"template":"","format":"standard","meta":{"footnotes":""},"categories":[33,25],"tags":[],"class_list":["post-55610","post","type-post","status-publish","format-standard","has-post-thumbnail","hentry","category-noticias","category-nuble"],"_links":{"self":[{"href":"https:\/\/radionuble.cl\/v1\/wp-json\/wp\/v2\/posts\/55610","targetHints":{"allow":["GET"]}}],"collection":[{"href":"https:\/\/radionuble.cl\/v1\/wp-json\/wp\/v2\/posts"}],"about":[{"href":"https:\/\/radionuble.cl\/v1\/wp-json\/wp\/v2\/types\/post"}],"author":[{"embeddable":true,"href":"https:\/\/radionuble.cl\/v1\/wp-json\/wp\/v2\/users\/2"}],"replies":[{"embeddable":true,"href":"https:\/\/radionuble.cl\/v1\/wp-json\/wp\/v2\/comments?post=55610"}],"version-history":[{"count":1,"href":"https:\/\/radionuble.cl\/v1\/wp-json\/wp\/v2\/posts\/55610\/revisions"}],"predecessor-version":[{"id":55612,"href":"https:\/\/radionuble.cl\/v1\/wp-json\/wp\/v2\/posts\/55610\/revisions\/55612"}],"wp:featuredmedia":[{"embeddable":true,"href":"https:\/\/radionuble.cl\/v1\/wp-json\/wp\/v2\/media\/55611"}],"wp:attachment":[{"href":"https:\/\/radionuble.cl\/v1\/wp-json\/wp\/v2\/media?parent=55610"}],"wp:term":[{"taxonomy":"category","embeddable":true,"href":"https:\/\/radionuble.cl\/v1\/wp-json\/wp\/v2\/categories?post=55610"},{"taxonomy":"post_tag","embeddable":true,"href":"https:\/\/radionuble.cl\/v1\/wp-json\/wp\/v2\/tags?post=55610"}],"curies":[{"name":"wp","href":"https:\/\/api.w.org\/{rel}","templated":true}]}}