{"id":55613,"date":"2026-08-31T20:13:26","date_gmt":"2026-08-31T20:13:26","guid":{"rendered":"https:\/\/radionuble.cl\/v1\/?p=55613"},"modified":"2026-08-31T20:13:26","modified_gmt":"2026-08-31T20:13:26","slug":"municipio-capacito-a-voluntarios-de-la-defensa-civil-sobre-ordenanza-de-aseo","status":"publish","type":"post","link":"https:\/\/radionuble.cl\/v1\/2026\/08\/31\/municipio-capacito-a-voluntarios-de-la-defensa-civil-sobre-ordenanza-de-aseo\/","title":{"rendered":"Municipio capacit\u00f3 a voluntarios de la Defensa Civil sobre ordenanza de aseo."},"content":{"rendered":"<p style=\"font-weight: 400;\">Este domingo la Direcci\u00f3n de Medio Ambiente, Aseo y Ornato realiz\u00f3 una capacitaci\u00f3n dirigida a voluntarios de la Defensa Civil, la cual estuvo orientada a fortalecer sus conocimientos sobre la Ordenanza Municipal de Aseo y la gesti\u00f3n adecuada de residuos.<\/p>\n<p style=\"font-weight: 400;\">\n<p style=\"font-weight: 400;\">La jornada tuvo por objetivo entregar herramientas para que los voluntarios participen en futuras actividades de Educaci\u00f3n Puerta a Puerta en distintos sectores, acompa\u00f1ando coordinadamente a los profesionales del departamento de aseo municipal.<br \/>\nLos voluntarios participaron activamente, plantearon sus consultas y demostraron gran disposici\u00f3n a integrarse al trabajo colaborativo que se desarrolla junto a distintas juntas de vecinos y organizaciones comunitarias de la comuna.<br \/>\nEsta acci\u00f3n responde a los principios colaborativos y preventivos establecidos en la Ordenanza Municipal de Aseo, promoviendo el trabajo conjunto entre municipio, organizaciones comunitarias, voluntarios y ciudadan\u00eda, con el prop\u00f3sito de fortalecer la educaci\u00f3n, prevenci\u00f3n y corresponsabilidad en materia del manejo adecuado de los residuos.<\/p>\n<p style=\"font-weight: 400;\">\n","protected":false},"excerpt":{"rendered":"<p>Este domingo la Direcci\u00f3n de Medio Ambiente, Aseo y Ornato realiz\u00f3 una capacitaci\u00f3n dirigida a voluntarios de la Defensa Civil, la cual estuvo orientada a fortalecer sus conocimientos sobre la Ordenanza Municipal de Aseo y la gesti\u00f3n adecuada de residuos. La jornada tuvo por objetivo entregar herramientas para que los voluntarios participen en futuras actividades &hellip;<\/p>\n","protected":false},"author":2,"featured_media":55614,"comment_status":"open","ping_status":"open","sticky":false,"template":"","format":"standard","meta":{"footnotes":""},"categories":[24,33,188],"tags":[],"class_list":["post-55613","post","type-post","status-publish","format-standard","has-post-thumbnail","hentry","category-chillan","category-noticias","category-portada"],"_links":{"self":[{"href":"https:\/\/radionuble.cl\/v1\/wp-json\/wp\/v2\/posts\/55613","targetHints":{"allow":["GET"]}}],"collection":[{"href":"https:\/\/radionuble.cl\/v1\/wp-json\/wp\/v2\/posts"}],"about":[{"href":"https:\/\/radionuble.cl\/v1\/wp-json\/wp\/v2\/types\/post"}],"author":[{"embeddable":true,"href":"https:\/\/radionuble.cl\/v1\/wp-json\/wp\/v2\/users\/2"}],"replies":[{"embeddable":true,"href":"https:\/\/radionuble.cl\/v1\/wp-json\/wp\/v2\/comments?post=55613"}],"version-history":[{"count":2,"href":"https:\/\/radionuble.cl\/v1\/wp-json\/wp\/v2\/posts\/55613\/revisions"}],"predecessor-version":[{"id":55616,"href":"https:\/\/radionuble.cl\/v1\/wp-json\/wp\/v2\/posts\/55613\/revisions\/55616"}],"wp:featuredmedia":[{"embeddable":true,"href":"https:\/\/radionuble.cl\/v1\/wp-json\/wp\/v2\/media\/55614"}],"wp:attachment":[{"href":"https:\/\/radionuble.cl\/v1\/wp-json\/wp\/v2\/media?parent=55613"}],"wp:term":[{"taxonomy":"category","embeddable":true,"href":"https:\/\/radionuble.cl\/v1\/wp-json\/wp\/v2\/categories?post=55613"},{"taxonomy":"post_tag","embeddable":true,"href":"https:\/\/radionuble.cl\/v1\/wp-json\/wp\/v2\/tags?post=55613"}],"curies":[{"name":"wp","href":"https:\/\/api.w.org\/{rel}","templated":true}]}}