{"id":55617,"date":"2026-08-31T20:23:53","date_gmt":"2026-08-31T20:23:53","guid":{"rendered":"https:\/\/radionuble.cl\/v1\/?p=55617"},"modified":"2026-08-31T20:34:13","modified_gmt":"2026-08-31T20:34:13","slug":"gobierno-regional-de-nuble-y-ubb-lanzan-programa-de-apoyo-integral-para-residencias-de-proteccion","status":"publish","type":"post","link":"https:\/\/radionuble.cl\/v1\/2026\/08\/31\/gobierno-regional-de-nuble-y-ubb-lanzan-programa-de-apoyo-integral-para-residencias-de-proteccion\/","title":{"rendered":"Gobierno Regional de \u00d1uble Y UBB lanzan Programa de Apoyo Integral para Residencias de Protecci\u00f3n."},"content":{"rendered":"<p style=\"font-weight: 400;\">En una significativa ceremonia el Gobierno Regional de \u00d1uble y la Universidad del B\u00edo-B\u00edo lanzaron el Programa de Apoyo Integral para Residencias de Protecci\u00f3n de la regi\u00f3n, iniciativa financiada por el Fondo de Innovaci\u00f3n para la Competividad (FIC).<\/p>\n<p style=\"font-weight: 400;\">La jornada cont\u00f3 con la participaci\u00f3n del gobernador de \u00d1uble, \u00d3scar Cris\u00f3stomo Llanos; la prorrectora de la Universidad del B\u00edo- B\u00edo, Dra. Ang\u00e9lica Caro Guti\u00e9rrez, la decana de la Facultad de Educaci\u00f3n y Humanidades de la UBB, Dra. Fancy Castro Rubilar; la directora regional del Servicio Nacional de Protecci\u00f3n Especializada a la Ni\u00f1ez y Adolescencia, Virginia Alvayay Neyra, adem\u00e1s de la jefa regional de Desarrollo Social y Humano del GORE, T\u00e1mara Valenzuela Fuentealba y representantes de las residencias, equipos t\u00e9cnicos y fundaciones participantes.<br \/>\nLa iniciativa, seg\u00fan detall\u00f3 el director del proyecto y acad\u00e9mico UBB, Mg. Marcelo Gallegos Fuentes, considera como beneficiarias\/os directas\/os a 130 ni\u00f1os, ni\u00f1as y adolescentes y a 70 educadoras y educadores de trato directo. Entre sus objetivos se busca fortalecer la motivaci\u00f3n y el desarrollo educativo, promover experiencias significativas que contribuyan al desarrollo integral y entregar nuevas herramientas a quienes acompa\u00f1an cotidianamente a ni\u00f1os, ni\u00f1as y adolescentes en las residencias.<br \/>\nDurante la ceremonia el gobernador regional de \u00d1uble, Oscar Cris\u00f3stomo Llanos, destac\u00f3 que el proyecto forma parte de los esfuerzos impulsados para entregar mayores oportunidades y mejores condiciones de protecci\u00f3n a la infancia en la regi\u00f3n.<br \/>\nPor su parte, la decana de la Facultad de Educaci\u00f3n y Humanidades, Dra. Fancy Castro Rubilar, destac\u00f3 que la puesta en marcha del programa representa la concreci\u00f3n de un trabajo que la Facultad ven\u00eda impulsando en torno a la infancia, especialmente aquella que enfrenta situaciones de mayor vulnerabilidad social.<br \/>\nLa directora regional del Servicio Nacional de Protecci\u00f3n Especializada a la Ni\u00f1ez y Adolescencia de \u00d1uble, Virginia Alvayay Neyra, valor\u00f3 especialmente los beneficios que la iniciativa podr\u00eda generar tanto para los ni\u00f1os, ni\u00f1as y adolescentes que permanecen en las residencias como para quienes trabajan directamente con ellos.<br \/>\nSe realiz\u00f3 adem\u00e1s una firma simb\u00f3lica de compromiso, encabezada por el gobernador regional de \u00d1uble, la prorrectora de la Universidad del B\u00edo-B\u00edo y la decana de la Facultad de Educaci\u00f3n y Humanidades.<\/p>\n","protected":false},"excerpt":{"rendered":"<p>En una significativa ceremonia el Gobierno Regional de \u00d1uble y la Universidad del B\u00edo-B\u00edo lanzaron el Programa de Apoyo Integral para Residencias de Protecci\u00f3n de la regi\u00f3n, iniciativa financiada por el Fondo de Innovaci\u00f3n para la Competividad (FIC). La jornada cont\u00f3 con la participaci\u00f3n del gobernador de \u00d1uble, \u00d3scar Cris\u00f3stomo Llanos; la prorrectora de la &hellip;<\/p>\n","protected":false},"author":2,"featured_media":55618,"comment_status":"open","ping_status":"open","sticky":false,"template":"","format":"standard","meta":{"footnotes":""},"categories":[24,33,188],"tags":[],"class_list":["post-55617","post","type-post","status-publish","format-standard","has-post-thumbnail","hentry","category-chillan","category-noticias","category-portada"],"_links":{"self":[{"href":"https:\/\/radionuble.cl\/v1\/wp-json\/wp\/v2\/posts\/55617","targetHints":{"allow":["GET"]}}],"collection":[{"href":"https:\/\/radionuble.cl\/v1\/wp-json\/wp\/v2\/posts"}],"about":[{"href":"https:\/\/radionuble.cl\/v1\/wp-json\/wp\/v2\/types\/post"}],"author":[{"embeddable":true,"href":"https:\/\/radionuble.cl\/v1\/wp-json\/wp\/v2\/users\/2"}],"replies":[{"embeddable":true,"href":"https:\/\/radionuble.cl\/v1\/wp-json\/wp\/v2\/comments?post=55617"}],"version-history":[{"count":2,"href":"https:\/\/radionuble.cl\/v1\/wp-json\/wp\/v2\/posts\/55617\/revisions"}],"predecessor-version":[{"id":55620,"href":"https:\/\/radionuble.cl\/v1\/wp-json\/wp\/v2\/posts\/55617\/revisions\/55620"}],"wp:featuredmedia":[{"embeddable":true,"href":"https:\/\/radionuble.cl\/v1\/wp-json\/wp\/v2\/media\/55618"}],"wp:attachment":[{"href":"https:\/\/radionuble.cl\/v1\/wp-json\/wp\/v2\/media?parent=55617"}],"wp:term":[{"taxonomy":"category","embeddable":true,"href":"https:\/\/radionuble.cl\/v1\/wp-json\/wp\/v2\/categories?post=55617"},{"taxonomy":"post_tag","embeddable":true,"href":"https:\/\/radionuble.cl\/v1\/wp-json\/wp\/v2\/tags?post=55617"}],"curies":[{"name":"wp","href":"https:\/\/api.w.org\/{rel}","templated":true}]}}