{"id":55622,"date":"2026-09-01T22:41:11","date_gmt":"2026-09-01T22:41:11","guid":{"rendered":"https:\/\/radionuble.cl\/v1\/?p=55622"},"modified":"2026-09-01T22:41:11","modified_gmt":"2026-09-01T22:41:11","slug":"justicia-vecinal-de-chillan-aumenta-su-cobertura-y-mantiene-un-alto-porcentaje-de-efectividad","status":"publish","type":"post","link":"https:\/\/radionuble.cl\/v1\/2026\/09\/01\/justicia-vecinal-de-chillan-aumenta-su-cobertura-y-mantiene-un-alto-porcentaje-de-efectividad\/","title":{"rendered":"Justicia Vecinal de Chill\u00e1n aumenta su cobertura y mantiene un alto porcentaje de efectividad"},"content":{"rendered":"<p style=\"font-weight: 400;\">Con compromiso, vocaci\u00f3n de servicio y una presencia permanente en terreno, el Programa Justicia Vecinal de la Municipalidad de Chill\u00e1n est\u00e1 llevando a cabo un a\u00f1o de excelentes resultados.<\/p>\n<p style=\"font-weight: 400;\">El director de Seguridad e inspecci\u00f3n Municipal, Lautaro Arias Berrocal, resalt\u00f3 que \u201cel equipo ha hecho frente con \u00e9xito a los desaf\u00edos de este 2026, manteniendo intacta su vinculaci\u00f3n con el medio y su principal misi\u00f3n: llevar la justicia y los servicios municipales a donde est\u00e1n los vecinos\u201d.<br \/>\nEl programa mantiene atenciones permanentes en todas las delegaciones municipales, acercando servicios fundamentales como la mediaci\u00f3n vecinal y comunitaria, el apoyo psicol\u00f3gico a v\u00edctimas de delitos violentos y la orientaci\u00f3n legal y jur\u00eddica gratuita, sin importar lo apartado del sector.<br \/>\nEsta labor se ha complementado con una activa participaci\u00f3n en ferias de seguridad y con la realizaci\u00f3n de charlas y talleres de alto inter\u00e9s vecinal, abordando tem\u00e1ticas como la vida en comunidad, la tenencia responsable de mascotas, la prevenci\u00f3n de las violencias y la Ley de Copropiedad, entre otros.<br \/>\nEl director de Justicia Vecinal, Rolando Calder\u00f3n Franco, sostuvo que los n\u00fameros respaldan el trabajo. Si el a\u00f1o 2025 cerr\u00f3 con un promedio mensual de 25,9 casos atendidos, al 31 de agosto de 2026 el Programa alcanza un promedio mensual de 27,5 casos\u201d.<br \/>\nUn logro a\u00fan m\u00e1s significativo es que se mantiene el sello hist\u00f3rico del programa como es que cerca del 70% de los casos se cierran con un acuerdo positivo y satisfactorio para las partes, demostrando que el di\u00e1logo y la soluci\u00f3n amistosa s\u00ed son posibles.<br \/>\nEntre las acciones planificadas est\u00e1 la participaci\u00f3n en programas radiales y el despliegue de sus talleres y charlas por todos los rincones de la comuna, desde el centro hasta los sectores rurales m\u00e1s alejados.<\/p>\n","protected":false},"excerpt":{"rendered":"<p>Con compromiso, vocaci\u00f3n de servicio y una presencia permanente en terreno, el Programa Justicia Vecinal de la Municipalidad de Chill\u00e1n est\u00e1 llevando a cabo un a\u00f1o de excelentes resultados. El director de Seguridad e inspecci\u00f3n Municipal, Lautaro Arias Berrocal, resalt\u00f3 que \u201cel equipo ha hecho frente con \u00e9xito a los desaf\u00edos de este 2026, manteniendo &hellip;<\/p>\n","protected":false},"author":2,"featured_media":55623,"comment_status":"open","ping_status":"open","sticky":false,"template":"","format":"standard","meta":{"footnotes":""},"categories":[24,33],"tags":[],"class_list":["post-55622","post","type-post","status-publish","format-standard","has-post-thumbnail","hentry","category-chillan","category-noticias"],"_links":{"self":[{"href":"https:\/\/radionuble.cl\/v1\/wp-json\/wp\/v2\/posts\/55622","targetHints":{"allow":["GET"]}}],"collection":[{"href":"https:\/\/radionuble.cl\/v1\/wp-json\/wp\/v2\/posts"}],"about":[{"href":"https:\/\/radionuble.cl\/v1\/wp-json\/wp\/v2\/types\/post"}],"author":[{"embeddable":true,"href":"https:\/\/radionuble.cl\/v1\/wp-json\/wp\/v2\/users\/2"}],"replies":[{"embeddable":true,"href":"https:\/\/radionuble.cl\/v1\/wp-json\/wp\/v2\/comments?post=55622"}],"version-history":[{"count":1,"href":"https:\/\/radionuble.cl\/v1\/wp-json\/wp\/v2\/posts\/55622\/revisions"}],"predecessor-version":[{"id":55624,"href":"https:\/\/radionuble.cl\/v1\/wp-json\/wp\/v2\/posts\/55622\/revisions\/55624"}],"wp:featuredmedia":[{"embeddable":true,"href":"https:\/\/radionuble.cl\/v1\/wp-json\/wp\/v2\/media\/55623"}],"wp:attachment":[{"href":"https:\/\/radionuble.cl\/v1\/wp-json\/wp\/v2\/media?parent=55622"}],"wp:term":[{"taxonomy":"category","embeddable":true,"href":"https:\/\/radionuble.cl\/v1\/wp-json\/wp\/v2\/categories?post=55622"},{"taxonomy":"post_tag","embeddable":true,"href":"https:\/\/radionuble.cl\/v1\/wp-json\/wp\/v2\/tags?post=55622"}],"curies":[{"name":"wp","href":"https:\/\/api.w.org\/{rel}","templated":true}]}}