{"id":55625,"date":"2026-09-01T22:56:30","date_gmt":"2026-09-01T22:56:30","guid":{"rendered":"https:\/\/radionuble.cl\/v1\/?p=55625"},"modified":"2026-09-01T22:57:25","modified_gmt":"2026-09-01T22:57:25","slug":"55625","status":"publish","type":"post","link":"https:\/\/radionuble.cl\/v1\/2026\/09\/01\/55625\/","title":{"rendered":"\u00d1uble celebra su octavo aniversario con una semana de actividades bajo el lema \u201c\u00d1uble hace regi\u00f3n\u201d"},"content":{"rendered":"<p style=\"font-weight: 400;\">Con una programaci\u00f3n que se extender\u00e1 durante toda la primera semana de septiembre, la Regi\u00f3n de \u00d1uble celebrar\u00e1 sus ocho a\u00f1os, bajo el lema\u00a0\u201c\u00d1uble hace regi\u00f3n\u201d, destacando el trabajo y avances que se han impulsado desde su creaci\u00f3n, adem\u00e1s de los desaf\u00edos de cara al primer decenio como territorio independiente.<\/p>\n<p style=\"font-weight: 400;\">La cartelera fue dada a conocer por el Gobernador \u00d3scar Cris\u00f3stomo; el Jefe Regional de Emergencias y Seguridad, \u00c1lvaro Rivas; y la Secretaria Ejecutiva de \u00d1uble 250, Camila Flores; quienes invitaron a la comunidad a participar de los diferentes hitos impulsados por el Gobierno Regional.<br \/>\nEl detalle de las actividades que se desarrollar\u00e1n entre el martes 1 y el domingo 6 de septiembre, fue entregado por el Gobernador Cris\u00f3stomo, quien asegur\u00f3 que los eventos \u201ctienen que ver con las l\u00edneas que el Gobierno Regional ha fortalecido el \u00faltimo a\u00f1o como seguridad, salud, emprendimiento, arte y cultura\u201d.<br \/>\nSobre lo mismo, precis\u00f3 que \u201cpartimos este martes con la certificaci\u00f3n de 120 operadores que han sido capacitados en el Sistema de Televigilancia Regional, para luego el mi\u00e9rcoles, inaugurar un nuevo mam\u00f3grafo que va a estar ubicado en el Cesfam Violeta Parra de Chill\u00e1n. Aqu\u00ed hay un dato importante, porque nosotros tenemos tres mam\u00f3grafos instalados en Quirihue, Coihueco y Yungay.<br \/>\nJunto con ello, agreg\u00f3 que \u201cel jueves vamos a tener la ceremonia oficial, que se va a desarrollar en el Teatro Municipal, donde tambi\u00e9n se van a reconocer instituciones que se han destacado por el compromiso con nuestra regi\u00f3n; mientras que el viernes la Explanada del Gobierno Regional recibir\u00e1 una feria de emprendedores. A esto se suma el s\u00e1bado la Orquesta Sinf\u00f3nica de \u00d1uble y vamos a terminar el domingo 6, con el izamiento de la bandera de \u00d1uble en las diferentes comunas.<\/p>\n","protected":false},"excerpt":{"rendered":"<p>Con una programaci\u00f3n que se extender\u00e1 durante toda la primera semana de septiembre, la Regi\u00f3n de \u00d1uble celebrar\u00e1 sus ocho a\u00f1os, bajo el lema\u00a0\u201c\u00d1uble hace regi\u00f3n\u201d, destacando el trabajo y avances que se han impulsado desde su creaci\u00f3n, adem\u00e1s de los desaf\u00edos de cara al primer decenio como territorio independiente. La cartelera fue dada a &hellip;<\/p>\n","protected":false},"author":2,"featured_media":55626,"comment_status":"open","ping_status":"open","sticky":false,"template":"","format":"standard","meta":{"footnotes":""},"categories":[33,25],"tags":[],"class_list":["post-55625","post","type-post","status-publish","format-standard","has-post-thumbnail","hentry","category-noticias","category-nuble"],"_links":{"self":[{"href":"https:\/\/radionuble.cl\/v1\/wp-json\/wp\/v2\/posts\/55625","targetHints":{"allow":["GET"]}}],"collection":[{"href":"https:\/\/radionuble.cl\/v1\/wp-json\/wp\/v2\/posts"}],"about":[{"href":"https:\/\/radionuble.cl\/v1\/wp-json\/wp\/v2\/types\/post"}],"author":[{"embeddable":true,"href":"https:\/\/radionuble.cl\/v1\/wp-json\/wp\/v2\/users\/2"}],"replies":[{"embeddable":true,"href":"https:\/\/radionuble.cl\/v1\/wp-json\/wp\/v2\/comments?post=55625"}],"version-history":[{"count":3,"href":"https:\/\/radionuble.cl\/v1\/wp-json\/wp\/v2\/posts\/55625\/revisions"}],"predecessor-version":[{"id":55629,"href":"https:\/\/radionuble.cl\/v1\/wp-json\/wp\/v2\/posts\/55625\/revisions\/55629"}],"wp:featuredmedia":[{"embeddable":true,"href":"https:\/\/radionuble.cl\/v1\/wp-json\/wp\/v2\/media\/55626"}],"wp:attachment":[{"href":"https:\/\/radionuble.cl\/v1\/wp-json\/wp\/v2\/media?parent=55625"}],"wp:term":[{"taxonomy":"category","embeddable":true,"href":"https:\/\/radionuble.cl\/v1\/wp-json\/wp\/v2\/categories?post=55625"},{"taxonomy":"post_tag","embeddable":true,"href":"https:\/\/radionuble.cl\/v1\/wp-json\/wp\/v2\/tags?post=55625"}],"curies":[{"name":"wp","href":"https:\/\/api.w.org\/{rel}","templated":true}]}}