{"id":55631,"date":"2026-09-01T23:19:22","date_gmt":"2026-09-01T23:19:22","guid":{"rendered":"https:\/\/radionuble.cl\/v1\/?p=55631"},"modified":"2026-09-01T23:39:23","modified_gmt":"2026-09-01T23:39:23","slug":"director-del-instituto-teleton-de-nuble","status":"publish","type":"post","link":"https:\/\/radionuble.cl\/v1\/2026\/09\/01\/director-del-instituto-teleton-de-nuble\/","title":{"rendered":"Director del Instituto Teleton de \u00d1uble."},"content":{"rendered":"<p style=\"font-weight: 400;\">El Gobernador de \u00d1uble, <strong data-sfc-cp=\"\" data-sfc-root=\"ep\" data-complete=\"true\" data-processed=\"true\" data-copy-service-computed-style=\"font-family: &quot;Google Sans&quot;, Arial, sans-serif; font-size: 16px; font-weight: 700; margin: 0px; text-decoration: none; border-bottom: 0px rgb(10, 10, 10);\">\u00d3scar Cris\u00f3stomo<\/strong>, se reuni\u00f3 con <strong data-sfc-cp=\"\" data-sfc-root=\"ep\" data-complete=\"true\" data-processed=\"true\" data-copy-service-computed-style=\"font-family: &quot;Google Sans&quot;, Arial, sans-serif; font-size: 16px; font-weight: 700; margin: 0px; text-decoration: none; border-bottom: 0px rgb(10, 10, 10);\">Daniel Concha Gamboa<\/strong>, el nuevo director del pr\u00f3ximo <strong data-sfc-cp=\"\" data-sfc-root=\"ep\" data-complete=\"true\" data-processed=\"true\" data-copy-service-computed-style=\"font-family: &quot;Google Sans&quot;, Arial, sans-serif; font-size: 16px; font-weight: 700; margin: 0px; text-decoration: none; border-bottom: 0px rgb(10, 10, 10);\">Instituto Telet\u00f3n \u00d1uble<\/strong>. Concha fue seleccionado por la Fundaci\u00f3n Telet\u00f3n mediante un proceso de reclutamiento abierto y transparente a nivel nacional.<\/p>\n<p style=\"font-weight: 400;\"><strong data-sfc-cp=\"\" data-sfc-root=\"ep\" data-complete=\"true\" data-processed=\"true\" data-copy-service-computed-style=\"font-family: &quot;Google Sans&quot;, Arial, sans-serif; font-size: 16px; font-weight: 700; margin: 0px; text-decoration: none; border-bottom: 0px rgb(10, 10, 10);\">Perfil del nuevo director:<br \/>\n<\/strong><strong data-sfc-cp=\"\" data-sfc-root=\"ep\" data-complete=\"true\" data-copy-service-computed-style=\"font-family: &quot;Google Sans&quot;, Arial, sans-serif; font-size: 16px; font-weight: 700; margin: 0px; text-decoration: none; border-bottom: 0px rgb(10, 10, 10);\"><span data-sfc-cp=\"\" data-sfc-root=\"ep\" data-complete=\"true\" data-copy-service-computed-style=\"font-family: &quot;Google Sans&quot;, Arial, sans-serif; font-size: 16px; font-weight: 400; margin: 0px; text-decoration: none; border-bottom: 0px rgb(10, 10, 10);\">Experiencia:<\/span><\/strong> M\u00e1s de 20 a\u00f1os en gesti\u00f3n p\u00fablica y social, especializado en pol\u00edticas p\u00fablicas, discapacidad y derechos humanos.<br \/>\n<strong data-sfc-cp=\"\" data-sfc-root=\"ep\" data-complete=\"true\" data-copy-service-computed-style=\"font-family: &quot;Google Sans&quot;, Arial, sans-serif; font-size: 16px; font-weight: 700; margin: 0px; text-decoration: none; border-bottom: 0px rgb(10, 10, 10);\"><span data-sfc-cp=\"\" data-sfc-root=\"ep\" data-complete=\"true\" data-copy-service-computed-style=\"font-family: &quot;Google Sans&quot;, Arial, sans-serif; font-size: 16px; font-weight: 400; margin: 0px; text-decoration: none; border-bottom: 0px rgb(10, 10, 10);\">Cargos anteriores:<\/span><\/strong> Director Nacional del SENADIS (2022-2025), Jefe Regional del INDH en \u00d1uble (2019-2022) y Jefe de Operaciones Sociales del Hogar de Cristo en Chilo\u00e9.<br \/>\n<strong data-sfc-cp=\"\" data-sfc-root=\"ep\" data-complete=\"true\" data-copy-service-computed-style=\"font-family: &quot;Google Sans&quot;, Arial, sans-serif; font-size: 16px; font-weight: 700; margin: 0px; text-decoration: none; border-bottom: 0px rgb(10, 10, 10);\"><span data-sfc-cp=\"\" data-sfc-root=\"ep\" data-complete=\"true\" data-copy-service-computed-style=\"font-family: &quot;Google Sans&quot;, Arial, sans-serif; font-size: 16px; font-weight: 400; margin: 0px; text-decoration: none; border-bottom: 0px rgb(10, 10, 10);\">Formaci\u00f3n acad\u00e9mica:<\/span><\/strong> Licenciado en Teolog\u00eda por la Pontificia Universidad Cat\u00f3lica de Chile, posee un Master en Teolog\u00eda y un Master en Social Work. Principales<br \/>\n<strong>\u00d3scar Cris\u00f3stomo (Gobernador Regional)<br \/>\n<\/strong><span data-sfc-cp=\"\" data-sfc-root=\"ep\" data-complete=\"true\" data-copy-service-computed-style=\"font-family: &quot;Google Sans&quot;, Arial, sans-serif; font-size: 16px; font-weight: 400; margin: 0px; text-decoration: none; border-bottom: 0px rgb(10, 10, 10);\">*Destac\u00f3 que la reuni\u00f3n marca un paso clave hacia la apertura del centro.<br \/>\n<\/span><span data-sfc-cp=\"\" data-sfc-root=\"ep\" data-complete=\"true\" data-copy-service-computed-style=\"font-family: &quot;Google Sans&quot;, Arial, sans-serif; font-size: 16px; font-weight: 400; margin: 0px; text-decoration: none; border-bottom: 0px rgb(10, 10, 10);\">*Resalt\u00f3 que el nuevo director reside en la regi\u00f3n desde 2019 y cuenta con una amplia experiencia.<br \/>\n<\/span><span data-sfc-cp=\"\" data-sfc-root=\"ep\" data-complete=\"true\" data-copy-service-computed-style=\"font-family: &quot;Google Sans&quot;, Arial, sans-serif; font-size: 16px; font-weight: 400; margin: 0px; text-decoration: none; border-bottom: 0px rgb(10, 10, 10);\">*Inform\u00f3 que el desaf\u00edo actual es la adquisici\u00f3n de los \u00faltimos mobiliarios y que ya est\u00e1n publicados los concursos para seleccionar a las primeras 17 personas que trabajar\u00e1n en el instituto.<br \/>\n<\/span><strong>Daniel Concha Gamboa (Director del Instituto)<br \/>\n<\/strong><span data-sfc-cp=\"\" data-sfc-root=\"ep\" data-complete=\"true\" data-copy-service-computed-style=\"font-family: &quot;Google Sans&quot;, Arial, sans-serif; font-size: 16px; font-weight: 400; margin: 0px; text-decoration: none; border-bottom: 0px rgb(10, 10, 10);\">*Confirm\u00f3 que termin\u00f3 su proceso de inducci\u00f3n tras ser nombrado en el cargo hace dos semanas.<br \/>\n<\/span><span data-sfc-cp=\"\" data-sfc-root=\"ep\" data-complete=\"true\" data-copy-service-computed-style=\"font-family: &quot;Google Sans&quot;, Arial, sans-serif; font-size: 16px; font-weight: 400; margin: 0px; text-decoration: none; border-bottom: 0px rgb(10, 10, 10);\">*Detall\u00f3 que las prioridades actuales son la implementaci\u00f3n de muebles, computadores y equipos m\u00e9dicos para las \u00e1reas de kinesiolog\u00eda, terapia ocupacional y fisiatr\u00eda.<br \/>\n<\/span><span data-sfc-cp=\"\" data-sfc-root=\"ep\" data-complete=\"true\" data-copy-service-computed-style=\"font-family: &quot;Google Sans&quot;, Arial, sans-serif; font-size: 16px; font-weight: 400; margin: 0px; text-decoration: none; border-bottom: 0px rgb(10, 10, 10);\">*Envi\u00f3 un mensaje de paciencia a las familias que esperan la apertura e invit\u00f3 a la comunidad de \u00d1uble a sumarse a la pr\u00f3xima campa\u00f1a solidaria del 6 y 7 de noviembre.<\/span><\/p>\n","protected":false},"excerpt":{"rendered":"<p>El Gobernador de \u00d1uble, \u00d3scar Cris\u00f3stomo, se reuni\u00f3 con Daniel Concha Gamboa, el nuevo director del pr\u00f3ximo Instituto Telet\u00f3n \u00d1uble. Concha fue seleccionado por la Fundaci\u00f3n Telet\u00f3n mediante un proceso de reclutamiento abierto y transparente a nivel nacional. Perfil del nuevo director: Experiencia: M\u00e1s de 20 a\u00f1os en gesti\u00f3n p\u00fablica y social, especializado en pol\u00edticas &hellip;<\/p>\n","protected":false},"author":2,"featured_media":55632,"comment_status":"open","ping_status":"open","sticky":false,"template":"","format":"standard","meta":{"footnotes":""},"categories":[24,33,188],"tags":[],"class_list":["post-55631","post","type-post","status-publish","format-standard","has-post-thumbnail","hentry","category-chillan","category-noticias","category-portada"],"_links":{"self":[{"href":"https:\/\/radionuble.cl\/v1\/wp-json\/wp\/v2\/posts\/55631","targetHints":{"allow":["GET"]}}],"collection":[{"href":"https:\/\/radionuble.cl\/v1\/wp-json\/wp\/v2\/posts"}],"about":[{"href":"https:\/\/radionuble.cl\/v1\/wp-json\/wp\/v2\/types\/post"}],"author":[{"embeddable":true,"href":"https:\/\/radionuble.cl\/v1\/wp-json\/wp\/v2\/users\/2"}],"replies":[{"embeddable":true,"href":"https:\/\/radionuble.cl\/v1\/wp-json\/wp\/v2\/comments?post=55631"}],"version-history":[{"count":1,"href":"https:\/\/radionuble.cl\/v1\/wp-json\/wp\/v2\/posts\/55631\/revisions"}],"predecessor-version":[{"id":55633,"href":"https:\/\/radionuble.cl\/v1\/wp-json\/wp\/v2\/posts\/55631\/revisions\/55633"}],"wp:featuredmedia":[{"embeddable":true,"href":"https:\/\/radionuble.cl\/v1\/wp-json\/wp\/v2\/media\/55632"}],"wp:attachment":[{"href":"https:\/\/radionuble.cl\/v1\/wp-json\/wp\/v2\/media?parent=55631"}],"wp:term":[{"taxonomy":"category","embeddable":true,"href":"https:\/\/radionuble.cl\/v1\/wp-json\/wp\/v2\/categories?post=55631"},{"taxonomy":"post_tag","embeddable":true,"href":"https:\/\/radionuble.cl\/v1\/wp-json\/wp\/v2\/tags?post=55631"}],"curies":[{"name":"wp","href":"https:\/\/api.w.org\/{rel}","templated":true}]}}