{"id":55635,"date":"2026-09-01T23:38:18","date_gmt":"2026-09-01T23:38:18","guid":{"rendered":"https:\/\/radionuble.cl\/v1\/?p=55635"},"modified":"2026-09-01T23:38:18","modified_gmt":"2026-09-01T23:38:18","slug":"en-san-ignacio-mop-inaugura-obras-de-seguridad-vial-para-ocho-escuelas-rurales-de-nuble","status":"publish","type":"post","link":"https:\/\/radionuble.cl\/v1\/2026\/09\/01\/en-san-ignacio-mop-inaugura-obras-de-seguridad-vial-para-ocho-escuelas-rurales-de-nuble\/","title":{"rendered":"En San Ignacio MOP inaugura obras de seguridad vial para ocho escuelas rurales de \u00d1uble."},"content":{"rendered":"<p style=\"font-weight: 400;\">Con una ceremonia realizada en la Escuela G-325 Calle Alegre, en la comuna de San Ignacio, el Ministerio de Obras P\u00fablicas, a trav\u00e9s de la Direcci\u00f3n de Vialidad, inaugur\u00f3 oficialmente las obras de conservaci\u00f3n y mejoramiento de zonas de escuela ejecutadas en ocho establecimientos educacionales rurales de las provincias de Diguill\u00edn y Punilla.<\/p>\n<p style=\"font-weight: 400;\">La iniciativa contempl\u00f3 una inversi\u00f3n total de $1.110 millones y tuvo como objetivo reforzar la seguridad de estudiantes, docentes, apoderados y peatones que diariamente se desplazan por sectores donde existe una alta interacci\u00f3n entre el tr\u00e1nsito vehicular y peatonal. Las obras consideraron la instalaci\u00f3n de resaltos reductores de velocidad, radares con l\u00edmite de 30 kil\u00f3metros por hora durante el horario escolar,\u00a0balizas luminosas, paneles LED, vallas peatonales, nuevas demarcaciones y se\u00f1alizaci\u00f3n vial, adem\u00e1s del mejoramiento de paraderos y accesos.<br \/>\nEl alcalde de San Ignacio, Patricio Suazo, valor\u00f3 que la ceremonia se desarrollara en la Escuela Calle Alegre y destac\u00f3 que \u201cpara nuestra comuna es muy importante que se concreten este tipo de proyectos, porque entregan mayor seguridad a nuestros estudiantes y sus familias. Agradecemos al Ministerio de Obras P\u00fablicas por considerar estos establecimientos y por materializar soluciones que eran necesarias para nuestras comunidades rurales, donde fuimos favorecidos con 3 escuelas\u201d.<br \/>\nDesde la unidad educativa beneficiada, el director de la Escuela G-325 Calle Alegre, Jos\u00e9 Utreras, tambi\u00e9n destac\u00f3 el impacto de las obras para la comunidad educativa.<br \/>\nEl alcalde de San Ignacio, Patricio Suazo, valor\u00f3 que la ceremonia se desarrollara en la Escuela Calle Alegre y destac\u00f3 que \u201cpara nuestra comuna es muy importante que se concreten este tipo de proyectos, porque entregan mayor seguridad a nuestros estudiantes y sus familias. Agradecemos al Ministerio de Obras P\u00fablicas por considerar estos establecimientos y por materializar soluciones que eran necesarias para nuestras comunidades rurales, donde fuimos favorecidos con 3 escuelas\u201d.<br \/>\nDesde la unidad educativa beneficiada, el director de la Escuela G-325 Calle Alegre, Jos\u00e9 Utreras, tambi\u00e9n destac\u00f3 el impacto de las obras para la comunidad educativa.<\/p>\n","protected":false},"excerpt":{"rendered":"<p>Con una ceremonia realizada en la Escuela G-325 Calle Alegre, en la comuna de San Ignacio, el Ministerio de Obras P\u00fablicas, a trav\u00e9s de la Direcci\u00f3n de Vialidad, inaugur\u00f3 oficialmente las obras de conservaci\u00f3n y mejoramiento de zonas de escuela ejecutadas en ocho establecimientos educacionales rurales de las provincias de Diguill\u00edn y Punilla. La iniciativa &hellip;<\/p>\n","protected":false},"author":2,"featured_media":55636,"comment_status":"open","ping_status":"open","sticky":false,"template":"","format":"standard","meta":{"footnotes":""},"categories":[33,25],"tags":[],"class_list":["post-55635","post","type-post","status-publish","format-standard","has-post-thumbnail","hentry","category-noticias","category-nuble"],"_links":{"self":[{"href":"https:\/\/radionuble.cl\/v1\/wp-json\/wp\/v2\/posts\/55635","targetHints":{"allow":["GET"]}}],"collection":[{"href":"https:\/\/radionuble.cl\/v1\/wp-json\/wp\/v2\/posts"}],"about":[{"href":"https:\/\/radionuble.cl\/v1\/wp-json\/wp\/v2\/types\/post"}],"author":[{"embeddable":true,"href":"https:\/\/radionuble.cl\/v1\/wp-json\/wp\/v2\/users\/2"}],"replies":[{"embeddable":true,"href":"https:\/\/radionuble.cl\/v1\/wp-json\/wp\/v2\/comments?post=55635"}],"version-history":[{"count":1,"href":"https:\/\/radionuble.cl\/v1\/wp-json\/wp\/v2\/posts\/55635\/revisions"}],"predecessor-version":[{"id":55637,"href":"https:\/\/radionuble.cl\/v1\/wp-json\/wp\/v2\/posts\/55635\/revisions\/55637"}],"wp:featuredmedia":[{"embeddable":true,"href":"https:\/\/radionuble.cl\/v1\/wp-json\/wp\/v2\/media\/55636"}],"wp:attachment":[{"href":"https:\/\/radionuble.cl\/v1\/wp-json\/wp\/v2\/media?parent=55635"}],"wp:term":[{"taxonomy":"category","embeddable":true,"href":"https:\/\/radionuble.cl\/v1\/wp-json\/wp\/v2\/categories?post=55635"},{"taxonomy":"post_tag","embeddable":true,"href":"https:\/\/radionuble.cl\/v1\/wp-json\/wp\/v2\/tags?post=55635"}],"curies":[{"name":"wp","href":"https:\/\/api.w.org\/{rel}","templated":true}]}}