{"id":55638,"date":"2026-09-01T23:46:53","date_gmt":"2026-09-01T23:46:53","guid":{"rendered":"https:\/\/radionuble.cl\/v1\/?p=55638"},"modified":"2026-09-01T23:47:26","modified_gmt":"2026-09-01T23:47:26","slug":"el-exito-no-es-apagar-mas-incendios-es-evitar-que-estos-ocurran","status":"publish","type":"post","link":"https:\/\/radionuble.cl\/v1\/2026\/09\/01\/el-exito-no-es-apagar-mas-incendios-es-evitar-que-estos-ocurran\/","title":{"rendered":"El \u00e9xito no es apagar m\u00e1s incendios, es evitar que estos ocurran."},"content":{"rendered":"<p style=\"font-weight: 400;\">Por estas fechas, los medios de comunicaci\u00f3n y las autoridades comienzan a hablar de la pr\u00f3xima temporada de incendios, las inversiones p\u00fablico-privadas, la preparaci\u00f3n, las nuevas aeronaves y tecnolog\u00edas, las condiciones clim\u00e1ticas y las obras de prevenci\u00f3n. Todo ello es necesario, pero existe una conversaci\u00f3n que debemos profundizar: \u00bfqu\u00e9 estamos haciendo para evitar que los incendios ocurran?<\/p>\n<p style=\"font-weight: 400;\">El 99,7% de los incendios tiene su origen en la acci\u00f3n humana, ya sea por negligencia, intencionalidad o accidentes. Esta realidad obliga a cambiar el enfoque. Los incendios forestales no son desastres naturales en su origen y, por lo mismo, debemos abordar sus causas.<br \/>\nNecesitamos fortalecer la educaci\u00f3n desde los colegios, impulsar la prevenci\u00f3n social y comunitaria, involucrar activamente a municipios y comunidades y, especialmente, mejorar la investigaci\u00f3n y persecuci\u00f3n penal de quienes provocan incendios. Actualmente, menos del 1% de las denuncias llega a identificar a un responsable, una cifra muy baja considerando las altas penas asociadas a este delito.<br \/>\nEl objetivo de una temporada no deber\u00eda ser apagar m\u00e1s r\u00e1pido o disponer de m\u00e1s aeronaves. El verdadero \u00e9xito es tener menos incendios. La experiencia internacional demuestra que incluso pa\u00edses con enormes capacidades econ\u00f3micas, tecnol\u00f3gicas y de combate est\u00e1n siendo sobrepasados por temporadas cada vez m\u00e1s extremas.<\/p>\n<p style=\"font-weight: 400;\"><strong>Por Ram\u00f3n Figueroa Lizana, presidente del Departamento Protecci\u00f3n del Bosque de Corma.<\/strong><\/p>\n","protected":false},"excerpt":{"rendered":"<p>Por estas fechas, los medios de comunicaci\u00f3n y las autoridades comienzan a hablar de la pr\u00f3xima temporada de incendios, las inversiones p\u00fablico-privadas, la preparaci\u00f3n, las nuevas aeronaves y tecnolog\u00edas, las condiciones clim\u00e1ticas y las obras de prevenci\u00f3n. Todo ello es necesario, pero existe una conversaci\u00f3n que debemos profundizar: \u00bfqu\u00e9 estamos haciendo para evitar que los &hellip;<\/p>\n","protected":false},"author":2,"featured_media":55639,"comment_status":"open","ping_status":"open","sticky":false,"template":"","format":"standard","meta":{"footnotes":""},"categories":[33,26],"tags":[],"class_list":["post-55638","post","type-post","status-publish","format-standard","has-post-thumbnail","hentry","category-noticias","category-pais"],"_links":{"self":[{"href":"https:\/\/radionuble.cl\/v1\/wp-json\/wp\/v2\/posts\/55638","targetHints":{"allow":["GET"]}}],"collection":[{"href":"https:\/\/radionuble.cl\/v1\/wp-json\/wp\/v2\/posts"}],"about":[{"href":"https:\/\/radionuble.cl\/v1\/wp-json\/wp\/v2\/types\/post"}],"author":[{"embeddable":true,"href":"https:\/\/radionuble.cl\/v1\/wp-json\/wp\/v2\/users\/2"}],"replies":[{"embeddable":true,"href":"https:\/\/radionuble.cl\/v1\/wp-json\/wp\/v2\/comments?post=55638"}],"version-history":[{"count":2,"href":"https:\/\/radionuble.cl\/v1\/wp-json\/wp\/v2\/posts\/55638\/revisions"}],"predecessor-version":[{"id":55641,"href":"https:\/\/radionuble.cl\/v1\/wp-json\/wp\/v2\/posts\/55638\/revisions\/55641"}],"wp:featuredmedia":[{"embeddable":true,"href":"https:\/\/radionuble.cl\/v1\/wp-json\/wp\/v2\/media\/55639"}],"wp:attachment":[{"href":"https:\/\/radionuble.cl\/v1\/wp-json\/wp\/v2\/media?parent=55638"}],"wp:term":[{"taxonomy":"category","embeddable":true,"href":"https:\/\/radionuble.cl\/v1\/wp-json\/wp\/v2\/categories?post=55638"},{"taxonomy":"post_tag","embeddable":true,"href":"https:\/\/radionuble.cl\/v1\/wp-json\/wp\/v2\/tags?post=55638"}],"curies":[{"name":"wp","href":"https:\/\/api.w.org\/{rel}","templated":true}]}}