{"id":55644,"date":"2026-09-02T00:07:29","date_gmt":"2026-09-02T00:07:29","guid":{"rendered":"https:\/\/radionuble.cl\/v1\/?p=55644"},"modified":"2026-09-02T00:07:29","modified_gmt":"2026-09-02T00:07:29","slug":"homicidio-en-san-carlos-policia-de-investigaciones-realiza-diligencias-para-identificar-a-los-responsables","status":"publish","type":"post","link":"https:\/\/radionuble.cl\/v1\/2026\/09\/02\/homicidio-en-san-carlos-policia-de-investigaciones-realiza-diligencias-para-identificar-a-los-responsables\/","title":{"rendered":"Homicidio en San Carlos: Polic\u00eda de Investigaciones realiza diligencias para identificar a los responsables"},"content":{"rendered":"<p style=\"font-weight: 400;\">La v\u00edctima, un hombre de 31 a\u00f1os, residente de San Carlos y con antecedentes por drogas y robos, falleci\u00f3 durante la noche del lunes en el hospital de San Carlos, hasta donde hab\u00eda sido trasladado tras recibir varios impactos bal\u00edsticos.<\/p>\n<p style=\"font-weight: 400;\">Detectives trabajan para establecer la din\u00e1mica de los hechos e identificar a los victimarios.<br \/>\n&#8211; La Delegaci\u00f3n Provincial de Punilla y la Brigada de Homicidios de Chill\u00e1n, informaron que tras el homicidio ocurrido durante la tarde del lunes 31 de agosto en la comuna de San Carlos, se mantiene un trabajo coordinado con las polic\u00edas y el Ministerio P\u00fablico para esclarecer las circunstancias del hecho. De acuerdo con los antecedentes preliminares, la v\u00edctima se encontraba en la intersecci\u00f3n de las calles Chacabuco con Itihue cuando un veh\u00edculo lleg\u00f3 al lugar y desde su interior descendieron dos personas que efectuaron varios disparos, provoc\u00e1ndole lesiones de gravedad. El hombre fue trasladado hasta el hospital de San Carlos, donde falleci\u00f3 cerca de las 20:00 horas.<br \/>\nTras tomar conocimiento del fallecimiento, detectives de la Brigada de Homicidios de Chill\u00e1n, junto a peritos del Laboratorio de Criminal\u00edstica Regional, concurrieron hasta el hospital de San Carlos por instrucci\u00f3n del Ministerio P\u00fablico, con el objetivo de desarrollar las primeras diligencias investigativas. El trabajo policial tambi\u00e9n contempla la participaci\u00f3n de detectives de la Brigada de Investigaci\u00f3n Criminal de San Carlos, quienes se encuentran realizando distintas diligencias para reconstruir la din\u00e1mica del ataque.<br \/>\n\u201cConforme a los antecedentes preliminares reunidos por lo detectives, se estableci\u00f3 que la v\u00edctima se habr\u00eda encontrado en la intersecci\u00f3n de las calles Chacabuco con Itihue, cuando por circunstancias que se est\u00e1n investigando, llega un veh\u00edculo del cual descienden dos personas con arma de fuego, ejecutando varios disparos y caus\u00e1ndole lesiones de gravedad a la v\u00edctima, quien es trasladada posteriormente hasta el hospital de San Carlos, donde, pese a los esfuerzos m\u00e9dicos, la persona falleci\u00f3\u201d, explic\u00f3 el jefe de la Brigada de Homicidios de Chill\u00e1n, subprefecto Ra\u00fal S\u00e1nchez Escudero.<\/p>\n","protected":false},"excerpt":{"rendered":"<p>La v\u00edctima, un hombre de 31 a\u00f1os, residente de San Carlos y con antecedentes por drogas y robos, falleci\u00f3 durante la noche del lunes en el hospital de San Carlos, hasta donde hab\u00eda sido trasladado tras recibir varios impactos bal\u00edsticos. Detectives trabajan para establecer la din\u00e1mica de los hechos e identificar a los victimarios. &#8211; &hellip;<\/p>\n","protected":false},"author":2,"featured_media":55645,"comment_status":"open","ping_status":"open","sticky":false,"template":"","format":"standard","meta":{"footnotes":""},"categories":[1],"tags":[],"class_list":["post-55644","post","type-post","status-publish","format-standard","has-post-thumbnail","hentry","category-uncategorized"],"_links":{"self":[{"href":"https:\/\/radionuble.cl\/v1\/wp-json\/wp\/v2\/posts\/55644","targetHints":{"allow":["GET"]}}],"collection":[{"href":"https:\/\/radionuble.cl\/v1\/wp-json\/wp\/v2\/posts"}],"about":[{"href":"https:\/\/radionuble.cl\/v1\/wp-json\/wp\/v2\/types\/post"}],"author":[{"embeddable":true,"href":"https:\/\/radionuble.cl\/v1\/wp-json\/wp\/v2\/users\/2"}],"replies":[{"embeddable":true,"href":"https:\/\/radionuble.cl\/v1\/wp-json\/wp\/v2\/comments?post=55644"}],"version-history":[{"count":1,"href":"https:\/\/radionuble.cl\/v1\/wp-json\/wp\/v2\/posts\/55644\/revisions"}],"predecessor-version":[{"id":55646,"href":"https:\/\/radionuble.cl\/v1\/wp-json\/wp\/v2\/posts\/55644\/revisions\/55646"}],"wp:featuredmedia":[{"embeddable":true,"href":"https:\/\/radionuble.cl\/v1\/wp-json\/wp\/v2\/media\/55645"}],"wp:attachment":[{"href":"https:\/\/radionuble.cl\/v1\/wp-json\/wp\/v2\/media?parent=55644"}],"wp:term":[{"taxonomy":"category","embeddable":true,"href":"https:\/\/radionuble.cl\/v1\/wp-json\/wp\/v2\/categories?post=55644"},{"taxonomy":"post_tag","embeddable":true,"href":"https:\/\/radionuble.cl\/v1\/wp-json\/wp\/v2\/tags?post=55644"}],"curies":[{"name":"wp","href":"https:\/\/api.w.org\/{rel}","templated":true}]}}