{"id":55647,"date":"2026-09-02T00:18:44","date_gmt":"2026-09-02T00:18:44","guid":{"rendered":"https:\/\/radionuble.cl\/v1\/?p=55647"},"modified":"2026-09-02T00:18:57","modified_gmt":"2026-09-02T00:18:57","slug":"zorro-culpeo-en-nipas-activo-codigo-rojo-sag","status":"publish","type":"post","link":"https:\/\/radionuble.cl\/v1\/2026\/09\/02\/zorro-culpeo-en-nipas-activo-codigo-rojo-sag\/","title":{"rendered":"Zorro culpeo en \u00d1ipas activ\u00f3 C\u00f3digo Rojo SAG"},"content":{"rendered":"<p style=\"font-weight: 400;\">La presencia de un ejemplar de zorro culpeo en los tejados del centro de \u00d1ipas, cabecera de la comuna de R\u00e1nquil, no dej\u00f3 indiferentes a los vecinos.<\/p>\n<p style=\"font-weight: 400;\">El ejemplar, un zorro culpeo juvenil, fue visto desplaz\u00e1ndose por patios y techumbres de viviendas, lo que activ\u00f3 el denominado C\u00f3digo Rojo, para rescate, captura y control de grandes carn\u00edvoros protegidos (como pumas o zorros) que ingresan a zonas urbanas o residenciales. Este protocolo SAG, gener\u00f3 la coordinaci\u00f3n para el apoyo de Carabineros y Bomberos para resguardar tanto la seguridad de los vecinos como la integridad del animal.<br \/>\n\u00abEn este caso, nuestros profesionales SAG de la oficina Bulnes evaluaron las condiciones del entorno y determinaron que exist\u00eda una alternativa natural de desplazamiento hacia un sector boscoso cercano al lecho del r\u00edo. Por esta raz\u00f3n, se opt\u00f3 por realizar un ahuyentamiento controlado hacia esa zona, evitando una captura o inmovilizaci\u00f3n qu\u00edmica que, en estas circunstancias, pod\u00eda generar riesgos innecesarios para el ejemplar\u00bb, indic\u00f3 el director regional (s) del SAG, Gabriel Bustos.\u00a0Finalmente, el zorro se desplaz\u00f3 por sus propios medios hacia el bosque aleda\u00f1o, sin lesiones y en buenas condiciones f\u00edsicas.<br \/>\nEsta es la segunda interacci\u00f3n de zorros en sectores urbanos en un tiempo relativamente breve.<br \/>\nEs importante recordar que los zorros son fauna silvestre protegida por la Ley de Caza y su Reglamento. Adem\u00e1s, cumplen un importante rol en el equilibrio de los ecosistemas naturales. Por lo tanto, su caza, captura o tenencia sin las autorizaciones correspondientes se encuentra prohibida y puede ser sancionada conforme a la legislaci\u00f3n vigente.<br \/>\n\u00abNuestro llamado es a mantener la calma, no intervenir directamente y permitir que los equipos especializados eval\u00faen cada situaci\u00f3n. De esta manera protegemos tanto la seguridad de las personas como nuestra fauna silvestre.\u201d<\/p>\n","protected":false},"excerpt":{"rendered":"<p>La presencia de un ejemplar de zorro culpeo en los tejados del centro de \u00d1ipas, cabecera de la comuna de R\u00e1nquil, no dej\u00f3 indiferentes a los vecinos. El ejemplar, un zorro culpeo juvenil, fue visto desplaz\u00e1ndose por patios y techumbres de viviendas, lo que activ\u00f3 el denominado C\u00f3digo Rojo, para rescate, captura y control de &hellip;<\/p>\n","protected":false},"author":2,"featured_media":55648,"comment_status":"open","ping_status":"open","sticky":false,"template":"","format":"standard","meta":{"footnotes":""},"categories":[33,25],"tags":[],"class_list":["post-55647","post","type-post","status-publish","format-standard","has-post-thumbnail","hentry","category-noticias","category-nuble"],"_links":{"self":[{"href":"https:\/\/radionuble.cl\/v1\/wp-json\/wp\/v2\/posts\/55647","targetHints":{"allow":["GET"]}}],"collection":[{"href":"https:\/\/radionuble.cl\/v1\/wp-json\/wp\/v2\/posts"}],"about":[{"href":"https:\/\/radionuble.cl\/v1\/wp-json\/wp\/v2\/types\/post"}],"author":[{"embeddable":true,"href":"https:\/\/radionuble.cl\/v1\/wp-json\/wp\/v2\/users\/2"}],"replies":[{"embeddable":true,"href":"https:\/\/radionuble.cl\/v1\/wp-json\/wp\/v2\/comments?post=55647"}],"version-history":[{"count":2,"href":"https:\/\/radionuble.cl\/v1\/wp-json\/wp\/v2\/posts\/55647\/revisions"}],"predecessor-version":[{"id":55650,"href":"https:\/\/radionuble.cl\/v1\/wp-json\/wp\/v2\/posts\/55647\/revisions\/55650"}],"wp:featuredmedia":[{"embeddable":true,"href":"https:\/\/radionuble.cl\/v1\/wp-json\/wp\/v2\/media\/55648"}],"wp:attachment":[{"href":"https:\/\/radionuble.cl\/v1\/wp-json\/wp\/v2\/media?parent=55647"}],"wp:term":[{"taxonomy":"category","embeddable":true,"href":"https:\/\/radionuble.cl\/v1\/wp-json\/wp\/v2\/categories?post=55647"},{"taxonomy":"post_tag","embeddable":true,"href":"https:\/\/radionuble.cl\/v1\/wp-json\/wp\/v2\/tags?post=55647"}],"curies":[{"name":"wp","href":"https:\/\/api.w.org\/{rel}","templated":true}]}}