{"id":55651,"date":"2026-09-02T15:11:12","date_gmt":"2026-09-02T15:11:12","guid":{"rendered":"https:\/\/radionuble.cl\/v1\/?p=55651"},"modified":"2026-09-02T15:11:12","modified_gmt":"2026-09-02T15:11:12","slug":"seremi-de-economia-y-corfo-nuble-destacan-oportunidades-de-reconversion-agricola-y-alianzas-con-la-industria-salmonera","status":"publish","type":"post","link":"https:\/\/radionuble.cl\/v1\/2026\/09\/02\/seremi-de-economia-y-corfo-nuble-destacan-oportunidades-de-reconversion-agricola-y-alianzas-con-la-industria-salmonera\/","title":{"rendered":"Seremi de Econom\u00eda y Corfo \u00d1uble destacan oportunidades de reconversi\u00f3n agr\u00edcola y alianzas con la industria salmonera"},"content":{"rendered":"<p style=\"font-weight: 400;\"><em>\u00a0<\/em>En el Recinto Socab\u00edo, en la ciudad de Los \u00c1ngeles, Regi\u00f3n del Bio B\u00edo, se dieron cita productores agr\u00edcolas, representantes de la industria salmonera, actores p\u00fablicos y privados, para abordar nuevas oportunidades de reconversi\u00f3n productiva y vinculaci\u00f3n comercial, especialmente para productores de remolacha y granos de las regionales de Maule, \u00d1uble y Bio B\u00edo.<\/p>\n<p style=\"font-weight: 400;\">Tras su paso por el encuentro, el Seremi de Econom\u00eda de \u00d1uble, Manuel Cofr\u00e9 Su\u00e1rez, se\u00f1al\u00f3 que \u201cla industria de salmones es la segunda actividad exportadora de Chile, detr\u00e1s del cobre.\u00a0 Esta actividad presenta, por su importancia, permanentes desaf\u00edos donde uno de ellos es la alimentaci\u00f3n de los salmones: hoy el 85% de la alimentaci\u00f3n es importada. Esto genera oportunidades para los agricultores de producir lupino, trigo, habas y arvejas principalmente, los cuales se pueden complementar con otros productos como las microalgas. Es relevante destacar que estos productos tienen que ser procesados en molinos y plantas de tratamiento, lo que realza la participaci\u00f3n de estos actores en el encuentro en el Bio B\u00edo\u201d.<br \/>\nPor su parte, el director regional de Corfo \u00d1uble, Rodrigo Landa, indic\u00f3 que \u201ceste encuentro nos permite mirar una necesidad concreta de una industria tan relevante como la salmonicultura y transformarla en una potencial oportunidad para nuestros productores. Desde Corfo nos interesa precisamente promover este tipo de articulaciones, conectando capacidades, conocimiento y demanda, para avanzar hacia nuevas alternativas productivas que permitan diversificar nuestra econom\u00eda regional. \u00d1uble tiene una importante vocaci\u00f3n agr\u00edcola y capacidades que podemos poner al servicio de nuevas cadenas de valor, generando oportunidades para nuestros agricultores y tambi\u00e9n para empresas vinculadas al procesamiento y la agroindustria\u201d.<br \/>\nCabe destacar que en este evento, junto con analizar alternativas de cultivo, abrir nuevas oportunidades de mercado y fortalecer la articulaci\u00f3n entre cadenas productivas, se desarroll\u00f3 una visita a la planta Coreo de Salmones Ant\u00e1rtica, donde se pudo conocer en terreno los procesos productivos y requerimientos de esta industria.<\/p>\n","protected":false},"excerpt":{"rendered":"<p>\u00a0En el Recinto Socab\u00edo, en la ciudad de Los \u00c1ngeles, Regi\u00f3n del Bio B\u00edo, se dieron cita productores agr\u00edcolas, representantes de la industria salmonera, actores p\u00fablicos y privados, para abordar nuevas oportunidades de reconversi\u00f3n productiva y vinculaci\u00f3n comercial, especialmente para productores de remolacha y granos de las regionales de Maule, \u00d1uble y Bio B\u00edo. Tras &hellip;<\/p>\n","protected":false},"author":2,"featured_media":55652,"comment_status":"open","ping_status":"open","sticky":false,"template":"","format":"standard","meta":{"footnotes":""},"categories":[33,26],"tags":[],"class_list":["post-55651","post","type-post","status-publish","format-standard","has-post-thumbnail","hentry","category-noticias","category-pais"],"_links":{"self":[{"href":"https:\/\/radionuble.cl\/v1\/wp-json\/wp\/v2\/posts\/55651","targetHints":{"allow":["GET"]}}],"collection":[{"href":"https:\/\/radionuble.cl\/v1\/wp-json\/wp\/v2\/posts"}],"about":[{"href":"https:\/\/radionuble.cl\/v1\/wp-json\/wp\/v2\/types\/post"}],"author":[{"embeddable":true,"href":"https:\/\/radionuble.cl\/v1\/wp-json\/wp\/v2\/users\/2"}],"replies":[{"embeddable":true,"href":"https:\/\/radionuble.cl\/v1\/wp-json\/wp\/v2\/comments?post=55651"}],"version-history":[{"count":1,"href":"https:\/\/radionuble.cl\/v1\/wp-json\/wp\/v2\/posts\/55651\/revisions"}],"predecessor-version":[{"id":55653,"href":"https:\/\/radionuble.cl\/v1\/wp-json\/wp\/v2\/posts\/55651\/revisions\/55653"}],"wp:featuredmedia":[{"embeddable":true,"href":"https:\/\/radionuble.cl\/v1\/wp-json\/wp\/v2\/media\/55652"}],"wp:attachment":[{"href":"https:\/\/radionuble.cl\/v1\/wp-json\/wp\/v2\/media?parent=55651"}],"wp:term":[{"taxonomy":"category","embeddable":true,"href":"https:\/\/radionuble.cl\/v1\/wp-json\/wp\/v2\/categories?post=55651"},{"taxonomy":"post_tag","embeddable":true,"href":"https:\/\/radionuble.cl\/v1\/wp-json\/wp\/v2\/tags?post=55651"}],"curies":[{"name":"wp","href":"https:\/\/api.w.org\/{rel}","templated":true}]}}