{"id":55655,"date":"2026-09-02T15:44:21","date_gmt":"2026-09-02T15:44:21","guid":{"rendered":"https:\/\/radionuble.cl\/v1\/?p=55655"},"modified":"2026-09-02T15:44:58","modified_gmt":"2026-09-02T15:44:58","slug":"defensora-publica-en-chillan-logra-absolucion-de-ex-carabinero-acusado-por-delito-informatico","status":"publish","type":"post","link":"https:\/\/radionuble.cl\/v1\/2026\/09\/02\/defensora-publica-en-chillan-logra-absolucion-de-ex-carabinero-acusado-por-delito-informatico\/","title":{"rendered":"Defensora p\u00fablica en Chill\u00e1n logra absoluci\u00f3n de ex carabinero acusado por delito inform\u00e1tico."},"content":{"rendered":"<p style=\"font-weight: 400;\">La Corte de Apelaciones de Chill\u00e1n tras acoger el recurso de nulidad, dicta una sentencia de reemplazo y absuelve al uniformado.<\/p>\n<p style=\"font-weight: 400;\">Luego de acoger el recurso de nulidad interpuesto por la defensora penal p\u00fablica Mar\u00eda Daniela Carrasco, la Segunda Sala de la Corte de Apelaciones de Chill\u00e1n dict\u00f3 una sentencia de reemplazo la que absolvi\u00f3 a un carabinero que fue condenado en primer juicio como autor del delito de acceso il\u00edcito a sistema inform\u00e1tico con divulgaci\u00f3n de la informaci\u00f3n.<br \/>\nLos antecedentes se remontan a noviembre del a\u00f1o 2022 donde en ese entonces el carabinero de iniciales (RVP). ingresa al \u2018Sistema de Informaci\u00f3n Operativa\u2019 de la instituci\u00f3n, con la finalidad de obtener antecedentes personales de un ciudadano que luego ser\u00eda enviado a un familiar (primo) v\u00eda WhatsApp.<br \/>\nPor ese hecho, el uniformado fue condenado a la pena de 541 d\u00edas de presidio menor en su grado medio y a la suspensi\u00f3n de cargo u oficio p\u00fablico durante el tiempo que durara la condena, sin embargo, la pena privativa de libertad fue sustituida por la de remisi\u00f3n condicional.<br \/>\nEs en esas circunstancias, que la defensora p\u00fablica Mar\u00eda Daniela Carrasco present\u00f3 el recurso de nulidad el que fue acogido por el tribunal de alzada y, adem\u00e1s se dicta de manera inmediata una sentencia de reemplazo que absuelve al ex carabinero.<br \/>\n\u201cNo existi\u00f3 delito\u201d<br \/>\n\u201cDesde un inicio como defensa sostuvimos que ac\u00e1 no existi\u00f3 delito, el tribunal efectu\u00f3 una interpretaci\u00f3n extensiva y anal\u00f3gica de la expresi\u00f3n \u2018excediendo la autorizaci\u00f3n que posee\u2019 sancionando por la finalidad del acceso y no por la falta de poder t\u00e9cnico o jur\u00eddico para ingresar al sistema, la ley exige que el acceso deba superar las barreras t\u00e9cnicas y\/o las medidas tecnolog\u00edas de seguridad\u201d se\u00f1al\u00f3 la defensora.<br \/>\nY agreg\u00f3 que se estableci\u00f3 en el juicio que \u201cmi representado contaba con nombre de usuario y contrase\u00f1as validas provistas por la instituci\u00f3n y que accedi\u00f3 al sistema precisamente facultado para ello, a lo sumo, hubo un uso indebido de las facultades conferidas, lo que se podr\u00eda reprochar administrativamente o de manera disciplinaria por la instituci\u00f3n de Carabineros de Chile, pero no imputar un delito penal\u201d aclar\u00f3.<br \/>\nFinalmente, la Corte escuchando los argumentos de la defensa se\u00f1al\u00f3 que el acusado \u201cno cre\u00f3, ni emple\u00f3 credenciales ajenas, no franque\u00f3 un nivel o segmento del sistema vedado para su perfil, ni neutraliz\u00f3 mecanismo de protecci\u00f3n alguno, que solo se limit\u00f3 a utilizar las claves que leg\u00edtimamente le fueron asignadas. El hecho, no es constitutivo de delito y se absuelve a (RVP)\u201d.<br \/>\nAl t\u00e9rmino de esta nota, el ex carabinero quien fue dado de baja por la instituci\u00f3n, a\u00fan no ha sido reincorporado.<\/p>\n","protected":false},"excerpt":{"rendered":"<p>La Corte de Apelaciones de Chill\u00e1n tras acoger el recurso de nulidad, dicta una sentencia de reemplazo y absuelve al uniformado. Luego de acoger el recurso de nulidad interpuesto por la defensora penal p\u00fablica Mar\u00eda Daniela Carrasco, la Segunda Sala de la Corte de Apelaciones de Chill\u00e1n dict\u00f3 una sentencia de reemplazo la que absolvi\u00f3 &hellip;<\/p>\n","protected":false},"author":2,"featured_media":55657,"comment_status":"open","ping_status":"open","sticky":false,"template":"","format":"standard","meta":{"footnotes":""},"categories":[24,33,188],"tags":[],"class_list":["post-55655","post","type-post","status-publish","format-standard","has-post-thumbnail","hentry","category-chillan","category-noticias","category-portada"],"_links":{"self":[{"href":"https:\/\/radionuble.cl\/v1\/wp-json\/wp\/v2\/posts\/55655","targetHints":{"allow":["GET"]}}],"collection":[{"href":"https:\/\/radionuble.cl\/v1\/wp-json\/wp\/v2\/posts"}],"about":[{"href":"https:\/\/radionuble.cl\/v1\/wp-json\/wp\/v2\/types\/post"}],"author":[{"embeddable":true,"href":"https:\/\/radionuble.cl\/v1\/wp-json\/wp\/v2\/users\/2"}],"replies":[{"embeddable":true,"href":"https:\/\/radionuble.cl\/v1\/wp-json\/wp\/v2\/comments?post=55655"}],"version-history":[{"count":2,"href":"https:\/\/radionuble.cl\/v1\/wp-json\/wp\/v2\/posts\/55655\/revisions"}],"predecessor-version":[{"id":55659,"href":"https:\/\/radionuble.cl\/v1\/wp-json\/wp\/v2\/posts\/55655\/revisions\/55659"}],"wp:featuredmedia":[{"embeddable":true,"href":"https:\/\/radionuble.cl\/v1\/wp-json\/wp\/v2\/media\/55657"}],"wp:attachment":[{"href":"https:\/\/radionuble.cl\/v1\/wp-json\/wp\/v2\/media?parent=55655"}],"wp:term":[{"taxonomy":"category","embeddable":true,"href":"https:\/\/radionuble.cl\/v1\/wp-json\/wp\/v2\/categories?post=55655"},{"taxonomy":"post_tag","embeddable":true,"href":"https:\/\/radionuble.cl\/v1\/wp-json\/wp\/v2\/tags?post=55655"}],"curies":[{"name":"wp","href":"https:\/\/api.w.org\/{rel}","templated":true}]}}