{"id":55660,"date":"2026-09-03T03:45:55","date_gmt":"2026-09-03T03:45:55","guid":{"rendered":"https:\/\/radionuble.cl\/v1\/?p=55660"},"modified":"2026-09-03T03:45:55","modified_gmt":"2026-09-03T03:45:55","slug":"essbio-trabajara-en-importante-colector-de-aguas-servidas-y-se-desviara-transito-en-av-vicente-mendez","status":"publish","type":"post","link":"https:\/\/radionuble.cl\/v1\/2026\/09\/03\/essbio-trabajara-en-importante-colector-de-aguas-servidas-y-se-desviara-transito-en-av-vicente-mendez\/","title":{"rendered":"Essbio trabajar\u00e1 en importante colector de aguas servidas y se desviar\u00e1 tr\u00e1nsito en Av. Vicente M\u00e9ndez"},"content":{"rendered":"<p style=\"font-weight: 400;\">Para ejecutar la intervenci\u00f3n de una importante tuber\u00eda que permite recolectar las aguas servidas del sector nororiente de Chill\u00e1n, se deber\u00e1 suspender el tr\u00e1nsito en Avenida Vicente M\u00e9ndez, entre Diego de Almagro y Paul Harris.<\/p>\n<p style=\"font-weight: 400;\">El subgerente zonal de Essbio, Roberto Riva, se\u00f1al\u00f3 que el desv\u00edo del tr\u00e1nsito ser\u00e1 a partir de las 14:00 horas de este viernes 4 de septiembre, hasta las 6 de la ma\u00f1ana del mi\u00e9rcoles 9 de septiembre. \u201cPor eso sugerimos a las personas a planificar sus desplazamientos y utilizar v\u00edas alternativas informadas a trav\u00e9s de nuestros canales formales\u201d, dijo.<br \/>\nEl ejecutivo destac\u00f3 que estos trabajos son relevantes para asegurar la recolecci\u00f3n de las aguas servidas de un amplio sector de la comuna de Chill\u00e1n. \u201cProducto de los intensos sistemas frontales que afectaron hace unas semanas a la regi\u00f3n, se produjo la infiltraci\u00f3n de gran cantidad de aguas lluvia, junto con material ajeno a la infraestructura como arena y piedras. Hemos encontrado hasta escombros al interior de los colectores y necesitamos intervenir las tuber\u00edas para asegurar la recolecci\u00f3n de aguas servidas del sector\u201d, puntualiz\u00f3 Riva.<\/p>\n<p style=\"font-weight: 400;\">Para esta intervenci\u00f3n se han realizado todas las coordinaciones necesarias con las autoridades locales, regionales y de seguridad para minimizar los impactos que esta intervenci\u00f3n pudiera generar.<\/p>\n<p style=\"font-weight: 400;\">\n","protected":false},"excerpt":{"rendered":"<p>Para ejecutar la intervenci\u00f3n de una importante tuber\u00eda que permite recolectar las aguas servidas del sector nororiente de Chill\u00e1n, se deber\u00e1 suspender el tr\u00e1nsito en Avenida Vicente M\u00e9ndez, entre Diego de Almagro y Paul Harris. El subgerente zonal de Essbio, Roberto Riva, se\u00f1al\u00f3 que el desv\u00edo del tr\u00e1nsito ser\u00e1 a partir de las 14:00 horas &hellip;<\/p>\n","protected":false},"author":2,"featured_media":55661,"comment_status":"open","ping_status":"open","sticky":false,"template":"","format":"standard","meta":{"footnotes":""},"categories":[33,188],"tags":[],"class_list":["post-55660","post","type-post","status-publish","format-standard","has-post-thumbnail","hentry","category-noticias","category-portada"],"_links":{"self":[{"href":"https:\/\/radionuble.cl\/v1\/wp-json\/wp\/v2\/posts\/55660","targetHints":{"allow":["GET"]}}],"collection":[{"href":"https:\/\/radionuble.cl\/v1\/wp-json\/wp\/v2\/posts"}],"about":[{"href":"https:\/\/radionuble.cl\/v1\/wp-json\/wp\/v2\/types\/post"}],"author":[{"embeddable":true,"href":"https:\/\/radionuble.cl\/v1\/wp-json\/wp\/v2\/users\/2"}],"replies":[{"embeddable":true,"href":"https:\/\/radionuble.cl\/v1\/wp-json\/wp\/v2\/comments?post=55660"}],"version-history":[{"count":1,"href":"https:\/\/radionuble.cl\/v1\/wp-json\/wp\/v2\/posts\/55660\/revisions"}],"predecessor-version":[{"id":55663,"href":"https:\/\/radionuble.cl\/v1\/wp-json\/wp\/v2\/posts\/55660\/revisions\/55663"}],"wp:featuredmedia":[{"embeddable":true,"href":"https:\/\/radionuble.cl\/v1\/wp-json\/wp\/v2\/media\/55661"}],"wp:attachment":[{"href":"https:\/\/radionuble.cl\/v1\/wp-json\/wp\/v2\/media?parent=55660"}],"wp:term":[{"taxonomy":"category","embeddable":true,"href":"https:\/\/radionuble.cl\/v1\/wp-json\/wp\/v2\/categories?post=55660"},{"taxonomy":"post_tag","embeddable":true,"href":"https:\/\/radionuble.cl\/v1\/wp-json\/wp\/v2\/tags?post=55660"}],"curies":[{"name":"wp","href":"https:\/\/api.w.org\/{rel}","templated":true}]}}