{"id":55670,"date":"2026-09-03T16:37:43","date_gmt":"2026-09-03T16:37:43","guid":{"rendered":"https:\/\/radionuble.cl\/v1\/?p=55670"},"modified":"2026-09-03T16:37:43","modified_gmt":"2026-09-03T16:37:43","slug":"seremi-de-salud-emitio-resolucion-que-autoriza-funcionamiento-del-cesfam-federico-puga","status":"publish","type":"post","link":"https:\/\/radionuble.cl\/v1\/2026\/09\/03\/seremi-de-salud-emitio-resolucion-que-autoriza-funcionamiento-del-cesfam-federico-puga\/","title":{"rendered":"Seremi de Salud emiti\u00f3 resoluci\u00f3n que autoriza funcionamiento del Cesfam Federico Puga"},"content":{"rendered":"<p style=\"font-weight: 400;\">La Seremi de Salud Paulina Arriagada inform\u00f3 que la Unidad de Profesiones M\u00e9dicas y Farmacias de esa cartera, autoriz\u00f3 la instalaci\u00f3n y el funcionamiento del Centro de Salud Familiar, Cesfam, Dr. Federico Puga Borne de Chill\u00e1n Viejo.<\/p>\n<p>&nbsp;<\/p>\n<p style=\"font-weight: 400;\">As\u00ed lo establece la Resoluci\u00f3n Sanitaria, emitida por los equipos del Departamento de Acci\u00f3n Sanitaria de la Seremi de Salud, con fecha 1 de septiembre, junto con la autorizaci\u00f3n de funcionamiento de la farmacia del recinto asistencial, la cual tendr\u00e1 que contar con una direcci\u00f3n t\u00e9cnica, tal como lo establece el C\u00f3digo Sanitario.<br \/>\n\u201cGracias al trabajo exhaustivo, profesional y t\u00e9cnico desarrollado por nuestros funcionarios, y luego de verificar todos los aspectos y exigencias establecidas por las Normas T\u00e9cnicas B\u00e1sicas de Autorizaci\u00f3n Sanitaria de Establecimientos Asistenciales, y de otras normativas que regulan la operatividad de los equipos m\u00e9dicos y cl\u00ednicos, podemos afirmar que est\u00e1n autorizadas todas las actividades asistenciales al interior del nuevo recinto\u201d, precis\u00f3 la Seremi Arriagada.<br \/>\nDe esta forma, el Departamento de Salud Municipal de Chill\u00e1n Viejo, podr\u00e1 iniciar la habilitaci\u00f3n final y el traslado del personal hacia el nuevo emplazamiento del Cesfam.<\/p>\n","protected":false},"excerpt":{"rendered":"<p>La Seremi de Salud Paulina Arriagada inform\u00f3 que la Unidad de Profesiones M\u00e9dicas y Farmacias de esa cartera, autoriz\u00f3 la instalaci\u00f3n y el funcionamiento del Centro de Salud Familiar, Cesfam, Dr. Federico Puga Borne de Chill\u00e1n Viejo. &nbsp; As\u00ed lo establece la Resoluci\u00f3n Sanitaria, emitida por los equipos del Departamento de Acci\u00f3n Sanitaria de la &hellip;<\/p>\n","protected":false},"author":2,"featured_media":55671,"comment_status":"open","ping_status":"open","sticky":false,"template":"","format":"standard","meta":{"footnotes":""},"categories":[33,25],"tags":[],"class_list":["post-55670","post","type-post","status-publish","format-standard","has-post-thumbnail","hentry","category-noticias","category-nuble"],"_links":{"self":[{"href":"https:\/\/radionuble.cl\/v1\/wp-json\/wp\/v2\/posts\/55670","targetHints":{"allow":["GET"]}}],"collection":[{"href":"https:\/\/radionuble.cl\/v1\/wp-json\/wp\/v2\/posts"}],"about":[{"href":"https:\/\/radionuble.cl\/v1\/wp-json\/wp\/v2\/types\/post"}],"author":[{"embeddable":true,"href":"https:\/\/radionuble.cl\/v1\/wp-json\/wp\/v2\/users\/2"}],"replies":[{"embeddable":true,"href":"https:\/\/radionuble.cl\/v1\/wp-json\/wp\/v2\/comments?post=55670"}],"version-history":[{"count":1,"href":"https:\/\/radionuble.cl\/v1\/wp-json\/wp\/v2\/posts\/55670\/revisions"}],"predecessor-version":[{"id":55672,"href":"https:\/\/radionuble.cl\/v1\/wp-json\/wp\/v2\/posts\/55670\/revisions\/55672"}],"wp:featuredmedia":[{"embeddable":true,"href":"https:\/\/radionuble.cl\/v1\/wp-json\/wp\/v2\/media\/55671"}],"wp:attachment":[{"href":"https:\/\/radionuble.cl\/v1\/wp-json\/wp\/v2\/media?parent=55670"}],"wp:term":[{"taxonomy":"category","embeddable":true,"href":"https:\/\/radionuble.cl\/v1\/wp-json\/wp\/v2\/categories?post=55670"},{"taxonomy":"post_tag","embeddable":true,"href":"https:\/\/radionuble.cl\/v1\/wp-json\/wp\/v2\/tags?post=55670"}],"curies":[{"name":"wp","href":"https:\/\/api.w.org\/{rel}","templated":true}]}}