{"id":55673,"date":"2026-09-03T16:51:44","date_gmt":"2026-09-03T16:51:44","guid":{"rendered":"https:\/\/radionuble.cl\/v1\/?p=55673"},"modified":"2026-09-03T16:51:44","modified_gmt":"2026-09-03T16:51:44","slug":"sence-certifica-a-34-mujeres-de-la-provincia-de-diguillin-en-cuidados-de-personas-con-dependencia","status":"publish","type":"post","link":"https:\/\/radionuble.cl\/v1\/2026\/09\/03\/sence-certifica-a-34-mujeres-de-la-provincia-de-diguillin-en-cuidados-de-personas-con-dependencia\/","title":{"rendered":"SENCE certifica a 34 mujeres de la Provincia de Diguill\u00edn, en cuidados de personas con dependencia."},"content":{"rendered":"<p style=\"font-weight: 400;\">La Casa de la Cultura Chill\u00e1n Viejo y el Sal\u00f3n Concejo Municipal de Pinto, fueron los escenarios que recibieron a las 19 mujeres de Chill\u00e1n Viejo y a las 15 de la comuna de Pinto,<\/p>\n<p style=\"font-weight: 400;\">Todas graduadas del curso \u201cCuidado y asistencia para personas con dependencia leve o moderada\u201d, impartido por Acemcorp, con financiamiento del Servicio Nacional de Capacitaci\u00f3n y Empleo, SENCE, en el marco del programa Becas Laborales.<br \/>\nLas mujeres tituladas ya realizaban labores de cuidado no remunerado en el hogar, como apoyo a familiares enfermos, con discapacidad o en situaci\u00f3n de dependencia. Hoy, ese trabajo es reconocido y est\u00e1 fortalecido gracias a la capacitaci\u00f3n obtenida, tras una adjudicaci\u00f3n de casi 44 millones de pesos. Las estudiantes, adem\u00e1s, recibieron un subsidio diario de $4.000 y pudieron optar al subsidio de cuidados por otros $5.000 para cada una.<\/p>\n<p style=\"font-weight: 400;\"><strong>El curso cont\u00f3 con los siguientes m\u00f3dulos:<br \/>\n<\/strong>*Apoyo en actividades diarias y cuidados personalizados.<br \/>\n*Cuidados b\u00e1sicos de salud para personas con dependencia leve o moderada.<br \/>\n*Apoyo en desarrollo personal y vinculaci\u00f3n socioafectiva para personas con dependencia leve o moderada.<br \/>\n*Prevenci\u00f3n de riesgos y protecci\u00f3n en el cuidado de personas con dependencia leve o moderada.<br \/>\n*T\u00e9cnicas para el emprendimiento.<br \/>\nEl programa Becas Laborales tiene como objetivo principal aumentar la empleabilidad de personas que se encuentran en situaci\u00f3n de vulnerabilidad socioecon\u00f3mica. Para ello, ofrece oportunidades de capacitaci\u00f3n orientadas al desarrollo de competencias laborales espec\u00edficas, ya sea mediante la formaci\u00f3n en oficios o la realizaci\u00f3n de acciones de perfeccionamiento y actualizaci\u00f3n continua.<\/p>\n<p>&nbsp;<\/p>\n","protected":false},"excerpt":{"rendered":"<p>La Casa de la Cultura Chill\u00e1n Viejo y el Sal\u00f3n Concejo Municipal de Pinto, fueron los escenarios que recibieron a las 19 mujeres de Chill\u00e1n Viejo y a las 15 de la comuna de Pinto, Todas graduadas del curso \u201cCuidado y asistencia para personas con dependencia leve o moderada\u201d, impartido por Acemcorp, con financiamiento del &hellip;<\/p>\n","protected":false},"author":2,"featured_media":55674,"comment_status":"open","ping_status":"open","sticky":false,"template":"","format":"standard","meta":{"footnotes":""},"categories":[33,25,188],"tags":[],"class_list":["post-55673","post","type-post","status-publish","format-standard","has-post-thumbnail","hentry","category-noticias","category-nuble","category-portada"],"_links":{"self":[{"href":"https:\/\/radionuble.cl\/v1\/wp-json\/wp\/v2\/posts\/55673","targetHints":{"allow":["GET"]}}],"collection":[{"href":"https:\/\/radionuble.cl\/v1\/wp-json\/wp\/v2\/posts"}],"about":[{"href":"https:\/\/radionuble.cl\/v1\/wp-json\/wp\/v2\/types\/post"}],"author":[{"embeddable":true,"href":"https:\/\/radionuble.cl\/v1\/wp-json\/wp\/v2\/users\/2"}],"replies":[{"embeddable":true,"href":"https:\/\/radionuble.cl\/v1\/wp-json\/wp\/v2\/comments?post=55673"}],"version-history":[{"count":1,"href":"https:\/\/radionuble.cl\/v1\/wp-json\/wp\/v2\/posts\/55673\/revisions"}],"predecessor-version":[{"id":55675,"href":"https:\/\/radionuble.cl\/v1\/wp-json\/wp\/v2\/posts\/55673\/revisions\/55675"}],"wp:featuredmedia":[{"embeddable":true,"href":"https:\/\/radionuble.cl\/v1\/wp-json\/wp\/v2\/media\/55674"}],"wp:attachment":[{"href":"https:\/\/radionuble.cl\/v1\/wp-json\/wp\/v2\/media?parent=55673"}],"wp:term":[{"taxonomy":"category","embeddable":true,"href":"https:\/\/radionuble.cl\/v1\/wp-json\/wp\/v2\/categories?post=55673"},{"taxonomy":"post_tag","embeddable":true,"href":"https:\/\/radionuble.cl\/v1\/wp-json\/wp\/v2\/tags?post=55673"}],"curies":[{"name":"wp","href":"https:\/\/api.w.org\/{rel}","templated":true}]}}