{"id":55677,"date":"2026-09-03T17:38:35","date_gmt":"2026-09-03T17:38:35","guid":{"rendered":"https:\/\/radionuble.cl\/v1\/?p=55677"},"modified":"2026-09-03T17:38:35","modified_gmt":"2026-09-03T17:38:35","slug":"san-carlos-destina-mas-de-466-millones-a-mejorar-veredas-y-construir-nuevo-centro-para-personas-mayores","status":"publish","type":"post","link":"https:\/\/radionuble.cl\/v1\/2026\/09\/03\/san-carlos-destina-mas-de-466-millones-a-mejorar-veredas-y-construir-nuevo-centro-para-personas-mayores\/","title":{"rendered":"San Carlos destina m\u00e1s de $466 millones a mejorar veredas y construir nuevo centro para personas mayores"},"content":{"rendered":"<p>M\u00e1s de <strong>$466 millones de inversi\u00f3n municipal<\/strong> destinar\u00e1 San Carlos a dos nuevos proyectos de infraestructura que buscan mejorar los espacios p\u00fablicos y fortalecer la infraestructura comunitaria de la comuna.<\/p>\n<p>Se trata del <strong>Proyecto de Reposici\u00f3n y Mejoramiento de Veredas Urbanas de San Carlos<\/strong> y del <strong>Centro Comunitario para Personas Mayores<\/strong>, iniciativas que fueron aprobadas este mi\u00e9rcoles por el <strong>Concejo Municipal<\/strong> y que ser\u00e1n financiadas \u00edntegramente con recursos propios de la Municipalidad. Con la aprobaci\u00f3n de ambas iniciativas, la Municipalidad de San Carlos compromete un total de <strong>$466.261.096 de inversi\u00f3n<\/strong>, financiada <strong>100% con recursos municipales<\/strong>.<\/p>\n<p>Los proyectos fueron elaborados por el equipo t\u00e9cnico de <strong>SECPLAN<\/strong>, permitiendo avanzar en iniciativas orientadas tanto a la recuperaci\u00f3n de espacios p\u00fablicos como al fortalecimiento de la infraestructura destinada a las personas mayores.<\/p>\n<p>El alcalde de San Carlos, <strong>Rub\u00e9n M\u00e9ndez<\/strong>, destac\u00f3 la aprobaci\u00f3n de ambas iniciativas y el respaldo entregado por el Concejo Municipal a proyectos considerados prioritarios para la comuna. \u201cHoy ha sido un d\u00eda hist\u00f3rico para San Carlos. El Concejo Municipal ha aprobado dos proyectos de inversi\u00f3n que son muy grandes: la construcci\u00f3n del Centro Comunitario para Personas Mayores y un gran proyecto para arreglo de veredas dentro de nuestra ciudad. M\u00e1s de 450 millones de pesos de inversi\u00f3n que son con capital municipal, con plata municipal. Se agradece el apoyo del Consejo en pleno. Yo creo que todos tienen conciencia de que ambas inversiones son necesarias para la comuna.\u201d<\/p>\n<p><strong><u>Renovaci\u00f3n de veredas en el centro de San Carlos<\/u><\/strong><\/p>\n<p>El proyecto de reposici\u00f3n y mejoramiento de veredas considera una inversi\u00f3n de <strong>$187.899.999<\/strong> y permitir\u00e1 intervenir aproximadamente <strong>1.320 metros lineales de veredas<\/strong>, equivalentes a cerca de <strong>3.810 m\u00b2<\/strong>, en distintos sectores del centro de San Carlos. Las obras contemplan seis tramos de las calles <strong>Maip\u00fa, Ernesto Riquelme y Balmaceda<\/strong>, incluyendo sectores pr\u00f3ximos a la Plaza de Armas. La intervenci\u00f3n considera adem\u00e1s la reposici\u00f3n de soleras, tapas de c\u00e1maras y cubiertas de sumideros, junto con soluciones para integrar y proteger el arbolado existente.<\/p>\n<p>La <strong>concejala Lorena Polanco<\/strong> destac\u00f3 que el deterioro de las veredas constituye una de las principales necesidades de infraestructura urbana de la comuna: \u201cYa sabemos que uno de los principales problemas en cuanto a infraestructura urbana de nuestra comuna son el estado de nuestras veredas, sabemos los accidentes que han provocado. Y hoy d\u00eda agradecemos esta iniciativa que es con recursos municipales que va a permitir mejorar algunas de las calles c\u00e9ntricas.\u201d<\/p>\n<p>Uno de los sectores contemplados corresponde a <strong>Balmaceda, frente a la Plaza de Armas<\/strong>, donde se considera una intervenci\u00f3n especial de aproximadamente <strong>424 m\u00b2<\/strong>, con reposici\u00f3n de baldosas, soleras y alcorques, incorporando adem\u00e1s baldosas t\u00e1ctiles y considerando los <strong>15 \u00e1rboles existentes<\/strong> en el sector.<\/p>\n<p>En la misma l\u00ednea, el <strong>concejal C\u00e9sar Ortiz<\/strong> valor\u00f3 que el municipio pueda abordar una necesidad que, seg\u00fan se\u00f1al\u00f3, ha sido planteada durante largo tiempo por la comunidad, destacando especialmente el impacto que tendr\u00e1 el mejoramiento de las veredas para la: \u201cEsta era una necesidad sentida de la comunidad que hace mucho tiempo que ha estado expuesta, y es el mejoramiento de las veredas. Tenemos en este momento con recursos propios del municipio, son 288 millones, con los cuales vamos a tener el mejoramiento de veredas que est\u00e1n en muy mal estado. Tenemos buenas novedades con este trabajo para el mejoramiento de las veredas y para la gente, sobre todo, de la tercera edad\u201d.<\/p>\n<p><strong><u>Nuevo espacio para las personas mayores<\/u><\/strong><\/p>\n<p>El segundo proyecto corresponde a la construcci\u00f3n de un <strong>Centro Comunitario para Personas Mayores<\/strong>, que considera una inversi\u00f3n municipal de <strong>$278.361.097<\/strong> y un plazo de ejecuci\u00f3n de <strong>140 d\u00edas<\/strong>. La nueva infraestructura tendr\u00e1 aproximadamente <strong>129 m\u00b2 construidos<\/strong> y estar\u00e1 destinada al encuentro, participaci\u00f3n y desarrollo de actividades de las personas mayores de la comuna. El proyecto contempla un <strong>sal\u00f3n multiuso, tres oficinas multiprop\u00f3sito, cocina y dos ba\u00f1os accesibles<\/strong>, adem\u00e1s de espacios exteriores que complementar\u00e1n el funcionamiento del recinto.<\/p>\n<p>La propuesta incluye una <strong>terraza techada, \u00e1reas de paisajismo, mobiliario urbano, cierre perimetral y soluciones de accesibilidad universal<\/strong>, generando un espacio pensado para la realizaci\u00f3n de actividades, reuniones y encuentros comunitarios.<\/p>\n<p>El <strong>concejal Rub\u00e9n Ortiz<\/strong> destac\u00f3 la magnitud de la inversi\u00f3n municipal destinada a esta iniciativa y la importancia de contar con un espacio especialmente dise\u00f1ado para las personas mayores: \u201cEs una tremenda inversi\u00f3n municipal donde se han invertido algo de 270 millones de pesos que son netamente municipales. Es una tremenda obra para el adulto mayor, esperar que se construya r\u00e1pido, que se logre r\u00e1pido esta tremenda construcci\u00f3n que ser\u00e1 de ayuda para el adulto y para toda la comunidad\u201d.<\/p>\n<p>De esta manera, los dos proyectos aprobados por el Concejo Municipal representan una inversi\u00f3n conjunta de <strong>$466.261.096 de recursos municipales<\/strong>, destinada a mejorar espacios de uso cotidiano y generar nueva infraestructura comunitaria.<\/p>\n<p>&nbsp;<\/p>\n","protected":false},"excerpt":{"rendered":"<p>M\u00e1s de $466 millones de inversi\u00f3n municipal destinar\u00e1 San Carlos a dos nuevos proyectos de infraestructura que buscan mejorar los espacios p\u00fablicos y fortalecer la infraestructura comunitaria de la comuna. Se trata del Proyecto de Reposici\u00f3n y Mejoramiento de Veredas Urbanas de San Carlos y del Centro Comunitario para Personas Mayores, iniciativas que fueron aprobadas &hellip;<\/p>\n","protected":false},"author":5,"featured_media":55678,"comment_status":"open","ping_status":"open","sticky":false,"template":"","format":"standard","meta":{"footnotes":""},"categories":[33,25,188],"tags":[],"class_list":["post-55677","post","type-post","status-publish","format-standard","has-post-thumbnail","hentry","category-noticias","category-nuble","category-portada"],"_links":{"self":[{"href":"https:\/\/radionuble.cl\/v1\/wp-json\/wp\/v2\/posts\/55677","targetHints":{"allow":["GET"]}}],"collection":[{"href":"https:\/\/radionuble.cl\/v1\/wp-json\/wp\/v2\/posts"}],"about":[{"href":"https:\/\/radionuble.cl\/v1\/wp-json\/wp\/v2\/types\/post"}],"author":[{"embeddable":true,"href":"https:\/\/radionuble.cl\/v1\/wp-json\/wp\/v2\/users\/5"}],"replies":[{"embeddable":true,"href":"https:\/\/radionuble.cl\/v1\/wp-json\/wp\/v2\/comments?post=55677"}],"version-history":[{"count":1,"href":"https:\/\/radionuble.cl\/v1\/wp-json\/wp\/v2\/posts\/55677\/revisions"}],"predecessor-version":[{"id":55680,"href":"https:\/\/radionuble.cl\/v1\/wp-json\/wp\/v2\/posts\/55677\/revisions\/55680"}],"wp:featuredmedia":[{"embeddable":true,"href":"https:\/\/radionuble.cl\/v1\/wp-json\/wp\/v2\/media\/55678"}],"wp:attachment":[{"href":"https:\/\/radionuble.cl\/v1\/wp-json\/wp\/v2\/media?parent=55677"}],"wp:term":[{"taxonomy":"category","embeddable":true,"href":"https:\/\/radionuble.cl\/v1\/wp-json\/wp\/v2\/categories?post=55677"},{"taxonomy":"post_tag","embeddable":true,"href":"https:\/\/radionuble.cl\/v1\/wp-json\/wp\/v2\/tags?post=55677"}],"curies":[{"name":"wp","href":"https:\/\/api.w.org\/{rel}","templated":true}]}}