{"id":55687,"date":"2026-09-03T17:46:01","date_gmt":"2026-09-03T17:46:01","guid":{"rendered":"https:\/\/radionuble.cl\/v1\/?p=55687"},"modified":"2026-09-03T17:46:01","modified_gmt":"2026-09-03T17:46:01","slug":"fosis-y-municipalidad-de-coelemu-invitan-a-donar-al-ecomercado-solidario","status":"publish","type":"post","link":"https:\/\/radionuble.cl\/v1\/2026\/09\/03\/fosis-y-municipalidad-de-coelemu-invitan-a-donar-al-ecomercado-solidario\/","title":{"rendered":"FOSIS y Municipalidad de Coelemu invitan a donar al Ecomercado Solidario"},"content":{"rendered":"<p>Apoyar a 400 familias es el objetivo del Ecomercado Solidario de Coelemu durante la convocatoria de este a\u00f1o y para lo cual se realiz\u00f3 una jornada de sociabilizaci\u00f3n de la iniciativa que encabeza el FOSIS y la municipalidad de la comuna.<\/p>\n<p>La actividad cont\u00f3 con la presencia de diversas organizaciones comunitarias, a quienes se les cont\u00f3 sobre la importancia social del programa que promueve la seguridad alimentaria para que se sumen como nuevos donantes o voluntarios.<\/p>\n<p>\u00abLa estrategia del Ecomercado es \u00fanica a nivel regional y en esta nueva convocatoria esperamos apoyar a 400 familias de la comuna y para lo cual invitamos a las personas del sector privado y a las de la sociedad civil para que sean parte de esto\u00bb, expres\u00f3 el director regional de FOSIS, Erick Jim\u00e9nez, quien valor\u00f3 la experiencia de la sociabilizaci\u00f3n.<\/p>\n<p>El seremi de Desarrollo Social y Familia, Alan Ib\u00e1\u00f1ez, agreg\u00f3 que \u00abel Ecomercado realiza una labor cargada de solidaridad y trabajo mancomunado entre diversas instituciones p\u00fablicas y privadas, ante lo cual enfatizamos en la invitaci\u00f3n a sumarse a esta iniciativa que tiene por objetivo apoyar a las familias que m\u00e1s lo necesitan\u00bb.<br \/>\nM\u00f3nica Godoy, quien es presidenta de la Agrupaci\u00f3n de Feriantes del Valle del Itata, expres\u00f3 que para ellos ser donantes del Ecomercado responde a una responsabilidad social. \u00abLa mayor\u00eda de los que estamos somos due\u00f1as de casa y conocemos las necesidades de una casa y cuando hay gente que lo necesita tenemos que apoyarlos\u00bb.<\/p>\n<p>Los Ecomercados Solidarios recuperan, almacenan y distribuyen alimentos que no ser\u00e1n comercializados por supermercados o ferias libres, entre otros, y posteriormente se entregan a familias en situaci\u00f3n de vulnerabilidad. Es as\u00ed como durante este 2026, la iniciativa entregar\u00e1 a familias de la comuna, durante tres meses, una canasta compuesta por frutas, verduras y productos de abarrotes, seg\u00fan la cantidad de sus integrantes.<\/p>\n<p>La nueva ejecuci\u00f3n contempla una inversi\u00f3n de m\u00e1s de $51 millones parte del FOSIS, a la que se suman m\u00e1s de $34 millones aportados por la Municipalidad de Coelemu, lo que significa un financiamiento conjunto superior a los $86 millones.<\/p>\n<p>El programa se desarrolla mediante la colaboraci\u00f3n de empresas, supermercados, almacenes, ferias libres, establecimientos educacionales, organizaciones y otros actores que aportan alimentos frescos y productos b\u00e1sicos en buenas condiciones.<\/p>\n<p>Junto con las entregas, se realizar\u00e1n acciones educativas relacionadas con inocuidad, manipulaci\u00f3n de alimentos, seguridad alimentaria y vida saludable. La iniciativa tambi\u00e9n promueve el trabajo comunitario y reconoce el compromiso de las voluntarias que contribuyen diariamente al funcionamiento del Ecomercado Solidario de Coelemu.<\/p>\n","protected":false},"excerpt":{"rendered":"<p>Apoyar a 400 familias es el objetivo del Ecomercado Solidario de Coelemu durante la convocatoria de este a\u00f1o y para lo cual se realiz\u00f3 una jornada de sociabilizaci\u00f3n de la iniciativa que encabeza el FOSIS y la municipalidad de la comuna. La actividad cont\u00f3 con la presencia de diversas organizaciones comunitarias, a quienes se les &hellip;<\/p>\n","protected":false},"author":5,"featured_media":55688,"comment_status":"open","ping_status":"open","sticky":false,"template":"","format":"standard","meta":{"footnotes":""},"categories":[33,25],"tags":[],"class_list":["post-55687","post","type-post","status-publish","format-standard","has-post-thumbnail","hentry","category-noticias","category-nuble"],"_links":{"self":[{"href":"https:\/\/radionuble.cl\/v1\/wp-json\/wp\/v2\/posts\/55687","targetHints":{"allow":["GET"]}}],"collection":[{"href":"https:\/\/radionuble.cl\/v1\/wp-json\/wp\/v2\/posts"}],"about":[{"href":"https:\/\/radionuble.cl\/v1\/wp-json\/wp\/v2\/types\/post"}],"author":[{"embeddable":true,"href":"https:\/\/radionuble.cl\/v1\/wp-json\/wp\/v2\/users\/5"}],"replies":[{"embeddable":true,"href":"https:\/\/radionuble.cl\/v1\/wp-json\/wp\/v2\/comments?post=55687"}],"version-history":[{"count":1,"href":"https:\/\/radionuble.cl\/v1\/wp-json\/wp\/v2\/posts\/55687\/revisions"}],"predecessor-version":[{"id":55689,"href":"https:\/\/radionuble.cl\/v1\/wp-json\/wp\/v2\/posts\/55687\/revisions\/55689"}],"wp:featuredmedia":[{"embeddable":true,"href":"https:\/\/radionuble.cl\/v1\/wp-json\/wp\/v2\/media\/55688"}],"wp:attachment":[{"href":"https:\/\/radionuble.cl\/v1\/wp-json\/wp\/v2\/media?parent=55687"}],"wp:term":[{"taxonomy":"category","embeddable":true,"href":"https:\/\/radionuble.cl\/v1\/wp-json\/wp\/v2\/categories?post=55687"},{"taxonomy":"post_tag","embeddable":true,"href":"https:\/\/radionuble.cl\/v1\/wp-json\/wp\/v2\/tags?post=55687"}],"curies":[{"name":"wp","href":"https:\/\/api.w.org\/{rel}","templated":true}]}}