{"id":55690,"date":"2026-09-03T20:26:37","date_gmt":"2026-09-03T20:26:37","guid":{"rendered":"https:\/\/radionuble.cl\/v1\/?p=55690"},"modified":"2026-09-03T20:27:05","modified_gmt":"2026-09-03T20:27:05","slug":"ceremonia-del-8-aniversario-de-la-region-nuestra-identidad-es-nuestra-mayor-fortaleza","status":"publish","type":"post","link":"https:\/\/radionuble.cl\/v1\/2026\/09\/03\/ceremonia-del-8-aniversario-de-la-region-nuestra-identidad-es-nuestra-mayor-fortaleza\/","title":{"rendered":"Ceremonia del 8\u00ba aniversario de la Regi\u00f3n: \u00abNuestra identidad es nuestra mayor fortaleza\u00bb"},"content":{"rendered":"<p style=\"font-weight: 400;\">En el marco del octavo aniversario de la Regi\u00f3n de \u00d1uble, el Gobernador Regional, <strong>\u00d3scar Cris\u00f3stomo<\/strong>, encabez\u00f3 una ceremonia en el Teatro Municipal de Chill\u00e1n donde el hito central fue la <strong>entrega de la bandera regional a las 21 comunas<\/strong> del territorio, un acto simb\u00f3lico destinado a reforzar la identidad local y descentralizar la regi\u00f3n.<\/p>\n<p style=\"font-weight: 400;\"><strong>Hitos y logros destacados:\u00a0<\/strong><br \/>\n<strong>Educaci\u00f3n y Salud:<\/strong> Se destac\u00f3 la creaci\u00f3n de la primera Escuela de Medicina regional (junto a la Universidad del B\u00edo-B\u00edo) y la instalaci\u00f3n de una red p\u00fablica de mam\u00f3grafos de \u00faltima generaci\u00f3n en diversas comunas.<br \/>\n<strong>Pr\u00f3ximas grandes obras:<\/strong> Se anunci\u00f3 la apertura en los pr\u00f3ximos meses de seis infraestructura clave: el Cesfam Federico Puga, el nuevo Hospital Regional de \u00d1uble, el Instituto Telet\u00f3n (para el segundo semestre de 2026), y el Polo de Salud UBB (Escuela de Medicina, Qu\u00edmica y Farmacia, y Centro de Simulaci\u00f3n Cl\u00ednica).<br \/>\n<strong>Desaf\u00edos:<\/strong> El gobernador identific\u00f3 al <strong>desempleo<\/strong> como el principal problema actual y llam\u00f3 a un trabajo transversal para impulsar la industrializaci\u00f3n de la zona.<br \/>\n<strong>Reconocimientos y Cultura:<br \/>\n<\/strong>Se premi\u00f3 el impacto regional de tres organizaciones: la agrupaci\u00f3n \u201cUn Onc\u00f3logo para \u00d1uble\u201d, la Corporaci\u00f3n Cultural Municipal de Chill\u00e1n y la Orquesta Sinf\u00f3nica de \u00d1uble. Con esta \u00faltima se firm\u00f3 un convenio para financiar su <strong>Temporada de Conciertos 2026<\/strong>, asegurando 20 presentaciones gratuitas en zonas rurales y hospitales.<br \/>\nLa ceremonia, respaldada por alcaldes y dirigentes sociales, concluy\u00f3 con una presentaci\u00f3n musical en homenaje a artistas locales como Violeta Parra y V\u00edctor Jara.<\/p>\n","protected":false},"excerpt":{"rendered":"<p>En el marco del octavo aniversario de la Regi\u00f3n de \u00d1uble, el Gobernador Regional, \u00d3scar Cris\u00f3stomo, encabez\u00f3 una ceremonia en el Teatro Municipal de Chill\u00e1n donde el hito central fue la entrega de la bandera regional a las 21 comunas del territorio, un acto simb\u00f3lico destinado a reforzar la identidad local y descentralizar la regi\u00f3n. &hellip;<\/p>\n","protected":false},"author":2,"featured_media":55691,"comment_status":"open","ping_status":"open","sticky":false,"template":"","format":"standard","meta":{"footnotes":""},"categories":[33,25,188],"tags":[],"class_list":["post-55690","post","type-post","status-publish","format-standard","has-post-thumbnail","hentry","category-noticias","category-nuble","category-portada"],"_links":{"self":[{"href":"https:\/\/radionuble.cl\/v1\/wp-json\/wp\/v2\/posts\/55690","targetHints":{"allow":["GET"]}}],"collection":[{"href":"https:\/\/radionuble.cl\/v1\/wp-json\/wp\/v2\/posts"}],"about":[{"href":"https:\/\/radionuble.cl\/v1\/wp-json\/wp\/v2\/types\/post"}],"author":[{"embeddable":true,"href":"https:\/\/radionuble.cl\/v1\/wp-json\/wp\/v2\/users\/2"}],"replies":[{"embeddable":true,"href":"https:\/\/radionuble.cl\/v1\/wp-json\/wp\/v2\/comments?post=55690"}],"version-history":[{"count":2,"href":"https:\/\/radionuble.cl\/v1\/wp-json\/wp\/v2\/posts\/55690\/revisions"}],"predecessor-version":[{"id":55693,"href":"https:\/\/radionuble.cl\/v1\/wp-json\/wp\/v2\/posts\/55690\/revisions\/55693"}],"wp:featuredmedia":[{"embeddable":true,"href":"https:\/\/radionuble.cl\/v1\/wp-json\/wp\/v2\/media\/55691"}],"wp:attachment":[{"href":"https:\/\/radionuble.cl\/v1\/wp-json\/wp\/v2\/media?parent=55690"}],"wp:term":[{"taxonomy":"category","embeddable":true,"href":"https:\/\/radionuble.cl\/v1\/wp-json\/wp\/v2\/categories?post=55690"},{"taxonomy":"post_tag","embeddable":true,"href":"https:\/\/radionuble.cl\/v1\/wp-json\/wp\/v2\/tags?post=55690"}],"curies":[{"name":"wp","href":"https:\/\/api.w.org\/{rel}","templated":true}]}}