{"id":55698,"date":"2026-09-04T23:40:27","date_gmt":"2026-09-04T23:40:27","guid":{"rendered":"https:\/\/radionuble.cl\/v1\/?p=55698"},"modified":"2026-09-04T23:40:27","modified_gmt":"2026-09-04T23:40:27","slug":"autoridades-y-vecinos-analizan-cambios-de-transito-en-torno-al-futuro-hospital-regional","status":"publish","type":"post","link":"https:\/\/radionuble.cl\/v1\/2026\/09\/04\/autoridades-y-vecinos-analizan-cambios-de-transito-en-torno-al-futuro-hospital-regional\/","title":{"rendered":"Autoridades y vecinos analizan cambios de tr\u00e1nsito en torno al futuro Hospital Regional"},"content":{"rendered":"<p class=\"isSelectedEnd\">Autoridades municipales y regionales, Carabineros, representantes de la Seremi de Transportes, empresarios del transporte colectivo y vecinos participaron en una mesa t\u00e9cnica para analizar alternativas de tr\u00e1nsito en el entorno del futuro Hospital Regional de \u00d1uble.<\/p>\n<p class=\"isSelectedEnd\">El director de Seguridad Municipal, Lautaro Arias Berrocal, se\u00f1al\u00f3 que el encuentro permiti\u00f3 abordar las inquietudes de vecinos y l\u00edneas de transporte, adem\u00e1s de conocer las alternativas que se est\u00e1n evaluando para facilitar el desplazamiento hacia y desde el nuevo recinto hospitalario.<br \/>\nRespecto de los recorridos de los taxibuses, explic\u00f3 que <strong>se mantendr\u00e1n los trazados actuales<\/strong>, aunque podr\u00edan realizarse adecuaciones de acuerdo con las nuevas necesidades que genere el funcionamiento del hospital.<br \/>\nEntre los cambios que analiza la Direcci\u00f3n de Tr\u00e1nsito est\u00e1 modificar el sentido de <strong>Avenida Rosauro Acu\u00f1a, entre Eulogio Ba\u00f1ares y El Tejar, para establecer circulaci\u00f3n de oriente a poniente<\/strong>. Tambi\u00e9n se estudia disponer el tr\u00e1nsito de <strong>norte a sur en Eulogio Ba\u00f1ares<\/strong>, con salida hacia Rosauro Acu\u00f1a.<br \/>\nAdem\u00e1s, algunas l\u00edneas podr\u00edan realizar modificaciones menores a sus recorridos o incorporar <strong>variantes durante los horarios punta<\/strong>, especialmente para facilitar el traslado de pasajeros con destino al hospital.<br \/>\nLas medidas a\u00fan est\u00e1n en evaluaci\u00f3n y deber\u00edan comenzar a implementarse <strong>a mediados de octubre<\/strong>, antes de la entrada en funcionamiento del Hospital Regional.<\/p>\n","protected":false},"excerpt":{"rendered":"<p>Autoridades municipales y regionales, Carabineros, representantes de la Seremi de Transportes, empresarios del transporte colectivo y vecinos participaron en una mesa t\u00e9cnica para analizar alternativas de tr\u00e1nsito en el entorno del futuro Hospital Regional de \u00d1uble. El director de Seguridad Municipal, Lautaro Arias Berrocal, se\u00f1al\u00f3 que el encuentro permiti\u00f3 abordar las inquietudes de vecinos y &hellip;<\/p>\n","protected":false},"author":2,"featured_media":55699,"comment_status":"open","ping_status":"open","sticky":false,"template":"","format":"standard","meta":{"footnotes":""},"categories":[1],"tags":[],"class_list":["post-55698","post","type-post","status-publish","format-standard","has-post-thumbnail","hentry","category-uncategorized"],"_links":{"self":[{"href":"https:\/\/radionuble.cl\/v1\/wp-json\/wp\/v2\/posts\/55698","targetHints":{"allow":["GET"]}}],"collection":[{"href":"https:\/\/radionuble.cl\/v1\/wp-json\/wp\/v2\/posts"}],"about":[{"href":"https:\/\/radionuble.cl\/v1\/wp-json\/wp\/v2\/types\/post"}],"author":[{"embeddable":true,"href":"https:\/\/radionuble.cl\/v1\/wp-json\/wp\/v2\/users\/2"}],"replies":[{"embeddable":true,"href":"https:\/\/radionuble.cl\/v1\/wp-json\/wp\/v2\/comments?post=55698"}],"version-history":[{"count":1,"href":"https:\/\/radionuble.cl\/v1\/wp-json\/wp\/v2\/posts\/55698\/revisions"}],"predecessor-version":[{"id":55700,"href":"https:\/\/radionuble.cl\/v1\/wp-json\/wp\/v2\/posts\/55698\/revisions\/55700"}],"wp:featuredmedia":[{"embeddable":true,"href":"https:\/\/radionuble.cl\/v1\/wp-json\/wp\/v2\/media\/55699"}],"wp:attachment":[{"href":"https:\/\/radionuble.cl\/v1\/wp-json\/wp\/v2\/media?parent=55698"}],"wp:term":[{"taxonomy":"category","embeddable":true,"href":"https:\/\/radionuble.cl\/v1\/wp-json\/wp\/v2\/categories?post=55698"},{"taxonomy":"post_tag","embeddable":true,"href":"https:\/\/radionuble.cl\/v1\/wp-json\/wp\/v2\/tags?post=55698"}],"curies":[{"name":"wp","href":"https:\/\/api.w.org\/{rel}","templated":true}]}}