{"id":55701,"date":"2026-09-04T23:51:22","date_gmt":"2026-09-04T23:51:22","guid":{"rendered":"https:\/\/radionuble.cl\/v1\/?p=55701"},"modified":"2026-09-04T23:51:22","modified_gmt":"2026-09-04T23:51:22","slug":"ultimos-dias-para-presentar-ofertas-por-cinco-nuevos-servicios-de-conectividad-rural-para-cobquecura","status":"publish","type":"post","link":"https:\/\/radionuble.cl\/v1\/2026\/09\/04\/ultimos-dias-para-presentar-ofertas-por-cinco-nuevos-servicios-de-conectividad-rural-para-cobquecura\/","title":{"rendered":"\u00daltimos d\u00edas para presentar ofertas por cinco nuevos servicios de conectividad rural para Cobquecura."},"content":{"rendered":"<p>Quedan pocos d\u00edas para que finalice el periodo de presentaci\u00f3n de ofertas de la nueva licitaci\u00f3n de Conectividad Rural (CTR0322) impulsada por la Seremi de Transportes y Telecomunicaciones de \u00d1uble, que contempla cinco nuevos servicios para la comuna de Cobquecura con contrato por tres a\u00f1os.<\/p>\n<p>El proceso, que cierra el martes 8 de septiembre a las 23:59 hrs, considera los recorridos Montezorro \u2013 Cobquecura, Los Maquis Altos \u2013 Cobquecura, San Jos\u00e9 \u2013 Cobquecura, Talcam\u00e1vida \u2013 Cobquecura y Cobquecura \u2013 La Esperanza, destinados a fortalecer las alternativas de transporte para habitantes de sectores rurales y localidades m\u00e1s apartadas de la comuna.<br \/>\nEl Seremi de Transportes y Telecomunicaciones de \u00d1uble, Omar Sandoval, realiz\u00f3 un llamado a los operadores interesados a participar de este proceso y destac\u00f3 la importancia de avanzar en soluciones concretas para las comunidades rurales.\u201cEstamos en los \u00faltimos d\u00edas de este proceso y queremos hacer un llamado a los operadores de transporte a revisar las bases y presentar sus ofertas hasta el 8 de septiembre. Estos cinco servicios son muy importantes para Cobquecura, porque permitir\u00e1n mejorar las alternativas de desplazamiento de familias que viven en sectores rurales y que necesitan conectividad para acceder a educaci\u00f3n, salud, comercio, tr\u00e1mites y distintas oportunidades. Como Ministerio de Transportes y Telecomunicaciones seguimos trabajando en lo mandatado por el presidente Jos\u00e9 Antonio Kast: mejorar la calidad de vida de los chilenos y chilenas\u201d, se\u00f1al\u00f3 el Seremi Omar Sandoval.<br \/>\nPor su parte, el alcalde de Cobquecura, Jorge Romero, valor\u00f3 el proceso de licitaci\u00f3n y destac\u00f3 la importancia que tienen estos recorridos para los habitantes de la comuna.<br \/>\nLa licitaci\u00f3n corresponde al servicio CTR0322 y contempla subsidios estatales destinados a apoyar la operaci\u00f3n de servicios de transporte en sectores donde las condiciones geogr\u00e1ficas, la dispersi\u00f3n territorial o la demanda de pasajeros pueden dificultar la existencia de recorridos mediante una operaci\u00f3n exclusivamente comercial.<br \/>\nLas bases de licitaci\u00f3n y antecedentes del proceso se encuentran disponibles en <a href=\"http:\/\/www.dtpr.gob.cl\/\">www.dtpr.gob.cl<\/a>, mientras que el plazo para la presentaci\u00f3n de ofertas finaliza el 8 de septiembre de 2026 a las 23:59 horas.<\/p>\n","protected":false},"excerpt":{"rendered":"<p>Quedan pocos d\u00edas para que finalice el periodo de presentaci\u00f3n de ofertas de la nueva licitaci\u00f3n de Conectividad Rural (CTR0322) impulsada por la Seremi de Transportes y Telecomunicaciones de \u00d1uble, que contempla cinco nuevos servicios para la comuna de Cobquecura con contrato por tres a\u00f1os. El proceso, que cierra el martes 8 de septiembre a &hellip;<\/p>\n","protected":false},"author":2,"featured_media":55702,"comment_status":"open","ping_status":"open","sticky":false,"template":"","format":"standard","meta":{"footnotes":""},"categories":[33,25],"tags":[],"class_list":["post-55701","post","type-post","status-publish","format-standard","has-post-thumbnail","hentry","category-noticias","category-nuble"],"_links":{"self":[{"href":"https:\/\/radionuble.cl\/v1\/wp-json\/wp\/v2\/posts\/55701","targetHints":{"allow":["GET"]}}],"collection":[{"href":"https:\/\/radionuble.cl\/v1\/wp-json\/wp\/v2\/posts"}],"about":[{"href":"https:\/\/radionuble.cl\/v1\/wp-json\/wp\/v2\/types\/post"}],"author":[{"embeddable":true,"href":"https:\/\/radionuble.cl\/v1\/wp-json\/wp\/v2\/users\/2"}],"replies":[{"embeddable":true,"href":"https:\/\/radionuble.cl\/v1\/wp-json\/wp\/v2\/comments?post=55701"}],"version-history":[{"count":1,"href":"https:\/\/radionuble.cl\/v1\/wp-json\/wp\/v2\/posts\/55701\/revisions"}],"predecessor-version":[{"id":55703,"href":"https:\/\/radionuble.cl\/v1\/wp-json\/wp\/v2\/posts\/55701\/revisions\/55703"}],"wp:featuredmedia":[{"embeddable":true,"href":"https:\/\/radionuble.cl\/v1\/wp-json\/wp\/v2\/media\/55702"}],"wp:attachment":[{"href":"https:\/\/radionuble.cl\/v1\/wp-json\/wp\/v2\/media?parent=55701"}],"wp:term":[{"taxonomy":"category","embeddable":true,"href":"https:\/\/radionuble.cl\/v1\/wp-json\/wp\/v2\/categories?post=55701"},{"taxonomy":"post_tag","embeddable":true,"href":"https:\/\/radionuble.cl\/v1\/wp-json\/wp\/v2\/tags?post=55701"}],"curies":[{"name":"wp","href":"https:\/\/api.w.org\/{rel}","templated":true}]}}