{"id":55704,"date":"2026-09-05T00:07:13","date_gmt":"2026-09-05T00:07:13","guid":{"rendered":"https:\/\/radionuble.cl\/v1\/?p=55704"},"modified":"2026-09-05T00:07:13","modified_gmt":"2026-09-05T00:07:13","slug":"nuble-abre-postulaciones-para-integrar-el-consejo-consultivo-regional-del-medio-ambiente","status":"publish","type":"post","link":"https:\/\/radionuble.cl\/v1\/2026\/09\/05\/nuble-abre-postulaciones-para-integrar-el-consejo-consultivo-regional-del-medio-ambiente\/","title":{"rendered":"\u00d1uble abre postulaciones para integrar el Consejo Consultivo Regional del Medio Ambiente."},"content":{"rendered":"<p class=\"isSelectedEnd\">Hasta el <strong>15 de septiembre de 2026<\/strong> estar\u00e1n abiertas las postulaciones para integrar el <strong>Consejo Consultivo Regional del Medio Ambiente de \u00d1uble<\/strong> durante el periodo 2027-2029.<\/p>\n<p class=\"isSelectedEnd\">La convocatoria est\u00e1 dirigida a <strong>universidades e institutos profesionales, organizaciones sociales, sindicales, empresariales y organizaciones no gubernamentales<\/strong> de la regi\u00f3n.<br \/>\nLos Consejos Consultivos Regionales son instancias de participaci\u00f3n que re\u00fanen a representantes de distintos sectores para aportar al an\u00e1lisis de materias ambientales de inter\u00e9s regional, adem\u00e1s de emitir opiniones y responder consultas sobre regulaci\u00f3n y gesti\u00f3n ambiental.<br \/>\nLa seremi del Medio Ambiente de \u00d1uble, <strong>Ang\u00e9lica Cuevas Palominos<\/strong>, invit\u00f3 a las instituciones y organizaciones a participar y destac\u00f3 la importancia de incorporar distintas miradas en los temas ambientales de la regi\u00f3n.<br \/>\nLas postulaciones deben entregarse hasta el <strong>15 de septiembre, a las 16:00 horas<\/strong>, en las oficinas de la Seremi del Medio Ambiente, ubicadas en <strong>Vega de Sald\u00edas 645, Chill\u00e1n<\/strong>.<br \/>\nConsultas al tel\u00e9fono <strong>42-2454016<\/strong> o al correo <a href=\"mailto:oficinadepartesnuble@mma.gob.cl\"><strong>oficinadepartesnuble@mma.gob.cl<\/strong><\/a>.<\/p>\n","protected":false},"excerpt":{"rendered":"<p>Hasta el 15 de septiembre de 2026 estar\u00e1n abiertas las postulaciones para integrar el Consejo Consultivo Regional del Medio Ambiente de \u00d1uble durante el periodo 2027-2029. La convocatoria est\u00e1 dirigida a universidades e institutos profesionales, organizaciones sociales, sindicales, empresariales y organizaciones no gubernamentales de la regi\u00f3n. Los Consejos Consultivos Regionales son instancias de participaci\u00f3n que &hellip;<\/p>\n","protected":false},"author":2,"featured_media":55705,"comment_status":"open","ping_status":"open","sticky":false,"template":"","format":"standard","meta":{"footnotes":""},"categories":[33,25],"tags":[],"class_list":["post-55704","post","type-post","status-publish","format-standard","has-post-thumbnail","hentry","category-noticias","category-nuble"],"_links":{"self":[{"href":"https:\/\/radionuble.cl\/v1\/wp-json\/wp\/v2\/posts\/55704","targetHints":{"allow":["GET"]}}],"collection":[{"href":"https:\/\/radionuble.cl\/v1\/wp-json\/wp\/v2\/posts"}],"about":[{"href":"https:\/\/radionuble.cl\/v1\/wp-json\/wp\/v2\/types\/post"}],"author":[{"embeddable":true,"href":"https:\/\/radionuble.cl\/v1\/wp-json\/wp\/v2\/users\/2"}],"replies":[{"embeddable":true,"href":"https:\/\/radionuble.cl\/v1\/wp-json\/wp\/v2\/comments?post=55704"}],"version-history":[{"count":1,"href":"https:\/\/radionuble.cl\/v1\/wp-json\/wp\/v2\/posts\/55704\/revisions"}],"predecessor-version":[{"id":55706,"href":"https:\/\/radionuble.cl\/v1\/wp-json\/wp\/v2\/posts\/55704\/revisions\/55706"}],"wp:featuredmedia":[{"embeddable":true,"href":"https:\/\/radionuble.cl\/v1\/wp-json\/wp\/v2\/media\/55705"}],"wp:attachment":[{"href":"https:\/\/radionuble.cl\/v1\/wp-json\/wp\/v2\/media?parent=55704"}],"wp:term":[{"taxonomy":"category","embeddable":true,"href":"https:\/\/radionuble.cl\/v1\/wp-json\/wp\/v2\/categories?post=55704"},{"taxonomy":"post_tag","embeddable":true,"href":"https:\/\/radionuble.cl\/v1\/wp-json\/wp\/v2\/tags?post=55704"}],"curies":[{"name":"wp","href":"https:\/\/api.w.org\/{rel}","templated":true}]}}