{"id":55714,"date":"2026-09-06T00:11:09","date_gmt":"2026-09-06T00:11:09","guid":{"rendered":"https:\/\/radionuble.cl\/v1\/?p=55714"},"modified":"2026-09-06T00:12:27","modified_gmt":"2026-09-06T00:12:27","slug":"villa-el-canelo-estrena-renovada-multicancha-y-area-verde-tras-inversion-de-152-millones","status":"publish","type":"post","link":"https:\/\/radionuble.cl\/v1\/2026\/09\/06\/villa-el-canelo-estrena-renovada-multicancha-y-area-verde-tras-inversion-de-152-millones\/","title":{"rendered":"Villa el Canelo estrena renovada multicancha y \u00e1rea verde tras inversi\u00f3n de $152 millones"},"content":{"rendered":"<p style=\"font-weight: 400;\">Con una inversi\u00f3n de $152.590.000, el delegado presidencial de \u00d1uble, Diego Sep\u00falveda, junto a la jefa de la unidad regional de Subdere, P\u00eda Sandoval, el alcalde de Chill\u00e1n Viejo, Jorge del Pozo y vecinos de Villa El Canelo, inauguraron las obras de mejoramiento de la multicancha y \u00e1rea verde del sector, iniciativa financiada por la Subsecretar\u00eda de Desarrollo Regional y Administrativo (Subdere), a trav\u00e9s del Programa de Mejoramiento Urbano (PMU).<\/p>\n<p style=\"font-weight: 400;\">La iniciativa permiti\u00f3 recuperar y mejorar un espacio que presentaba deficiencias en materia de iluminaci\u00f3n, mobiliario urbano, accesibilidad y condiciones de la multicancha, favoreciendo ahora su utilizaci\u00f3n para actividades deportivas, recreativas y de encuentro.<br \/>\nEl proyecto contempl\u00f3 el mejoramiento de los cierros y grader\u00edas, instalaci\u00f3n de esca\u00f1os, nuevos juegos infantiles accesibles y pavimento de seguridad. Tambi\u00e9n se incorpor\u00f3 nueva vegetaci\u00f3n, incluyendo especies arb\u00f3reas de bajo requerimiento h\u00eddrico y cubresuelos para las \u00e1reas verdes.<br \/>\nEl delegado presidencial de \u00d1uble, Diego Sep\u00falveda, destac\u00f3 la inversi\u00f3n y el impacto que esta obra tendr\u00e1 para las familias de Chill\u00e1n Viejo.<br \/>\nPor su parte, el alcalde de Chill\u00e1n Viejo, Jorge del Pozo asegur\u00f3 que \u201choy es un d\u00eda de emociones porque Chill\u00e1n Viejo est\u00e1 en movimiento y como lo refrendaba nuestro Delegado Presidencial, queremos ser una comuna limpia, ordenada y segura. Hemos trabajado bastante para ello y un s\u00edmbolo importante de este objetivo tiene que ver con la entrega de esta cancha y \u00e1reas verdes\u201d.<br \/>\nAsimismo, la jefa de la Unidad Regional de SUBDERE \u00d1uble, P\u00eda Sandoval, relev\u00f3 el impacto de la inversi\u00f3n en la comuna de Chill\u00e1n Viejo.<br \/>\nDe esta manera, la intervenci\u00f3n contribuye a fortalecer el acceso a espacios p\u00fablicos de calidad, promoviendo la actividad f\u00edsica, la recreaci\u00f3n y el encuentro entre las familias de Villa El Canelo.<\/p>\n","protected":false},"excerpt":{"rendered":"<p>Con una inversi\u00f3n de $152.590.000, el delegado presidencial de \u00d1uble, Diego Sep\u00falveda, junto a la jefa de la unidad regional de Subdere, P\u00eda Sandoval, el alcalde de Chill\u00e1n Viejo, Jorge del Pozo y vecinos de Villa El Canelo, inauguraron las obras de mejoramiento de la multicancha y \u00e1rea verde del sector, iniciativa financiada por la &hellip;<\/p>\n","protected":false},"author":2,"featured_media":55715,"comment_status":"open","ping_status":"open","sticky":false,"template":"","format":"standard","meta":{"footnotes":""},"categories":[33,25],"tags":[],"class_list":["post-55714","post","type-post","status-publish","format-standard","has-post-thumbnail","hentry","category-noticias","category-nuble"],"_links":{"self":[{"href":"https:\/\/radionuble.cl\/v1\/wp-json\/wp\/v2\/posts\/55714","targetHints":{"allow":["GET"]}}],"collection":[{"href":"https:\/\/radionuble.cl\/v1\/wp-json\/wp\/v2\/posts"}],"about":[{"href":"https:\/\/radionuble.cl\/v1\/wp-json\/wp\/v2\/types\/post"}],"author":[{"embeddable":true,"href":"https:\/\/radionuble.cl\/v1\/wp-json\/wp\/v2\/users\/2"}],"replies":[{"embeddable":true,"href":"https:\/\/radionuble.cl\/v1\/wp-json\/wp\/v2\/comments?post=55714"}],"version-history":[{"count":2,"href":"https:\/\/radionuble.cl\/v1\/wp-json\/wp\/v2\/posts\/55714\/revisions"}],"predecessor-version":[{"id":55717,"href":"https:\/\/radionuble.cl\/v1\/wp-json\/wp\/v2\/posts\/55714\/revisions\/55717"}],"wp:featuredmedia":[{"embeddable":true,"href":"https:\/\/radionuble.cl\/v1\/wp-json\/wp\/v2\/media\/55715"}],"wp:attachment":[{"href":"https:\/\/radionuble.cl\/v1\/wp-json\/wp\/v2\/media?parent=55714"}],"wp:term":[{"taxonomy":"category","embeddable":true,"href":"https:\/\/radionuble.cl\/v1\/wp-json\/wp\/v2\/categories?post=55714"},{"taxonomy":"post_tag","embeddable":true,"href":"https:\/\/radionuble.cl\/v1\/wp-json\/wp\/v2\/tags?post=55714"}],"curies":[{"name":"wp","href":"https:\/\/api.w.org\/{rel}","templated":true}]}}